{"id":9302,"date":"2021-03-23T14:24:37","date_gmt":"2021-03-23T17:24:37","guid":{"rendered":"https:\/\/fmalicia.com.ar\/?p=9302"},"modified":"2021-03-23T14:25:46","modified_gmt":"2021-03-23T17:25:46","slug":"pinturas-de-la-artista-martha-chiarlo-estaran-expuestas-en-locales-comerciales-de-alicia","status":"publish","type":"post","link":"https:\/\/fmalicia.com.ar\/?p=9302","title":{"rendered":"Pinturas de la artista Martha Chiarlo estar\u00e1n expuestas en locales comerciales de Alicia"},"content":{"rendered":"\n<p>El \u00c1rea de Cultura y Recreaci\u00f3n de Nuestro Municipio tiene el agrado de recibir Pinturas de la artista fortinense Martha Chiarlo, que estar\u00e1n expuestas en locales comerciales de Alicia.<br>Las mismas se exhibir\u00e1n en 4 comercios de nuestra localidad, a quienes les agradecemos la posibilidad de propiciar estos espacios p\u00fablicos para muestras de Arte, en cumplimiento con las medidas sanitarias vigentes.<br>Ofrecemos una Vidriera a la Creatividad de una Artista que ha trascendido a trav\u00e9s de su trabajo incansable, su dedicaci\u00f3n y su particular manera de contarnos la realidad mediante sus pinceladas<\/p>\n\n\n\n<figure class=\"wp-block-image size-large is-resized\"><img loading=\"lazy\" decoding=\"async\" src=\"https:\/\/i.ibb.co\/8z49JCm\/Whats-App-Image-2021-03-23-at-12-46-50.jpg\" alt=\"\" width=\"763\" height=\"508\"\/><\/figure>\n\n\n\n<figure class=\"wp-block-image size-large is-resized\"><img loading=\"lazy\" decoding=\"async\" src=\"https:\/\/i.ibb.co\/gr65LP1\/Whats-App-Image-2021-03-23-at-12-46-49.jpg\" alt=\"\" width=\"741\" height=\"493\"\/><\/figure>\n\n\n\n<figure class=\"wp-block-image size-large is-resized\"><img loading=\"lazy\" decoding=\"async\" src=\"https:\/\/i.ibb.co\/XCPmqts\/Whats-App-Image-2021-03-23-at-12-46-50-1.jpg\" alt=\"\" width=\"748\" height=\"498\"\/><\/figure>\n\n\n\n<figure class=\"wp-block-image size-large is-resized\"><img loading=\"lazy\" decoding=\"async\" src=\"https:\/\/i.ibb.co\/khwRMZG\/Whats-App-Image-2021-03-23-at-12-46-51-1.jpg\" alt=\"\" width=\"753\" height=\"501\"\/><\/figure>\n\n\n\n<figure class=\"wp-block-image size-large is-resized\"><img loading=\"lazy\" decoding=\"async\" src=\"https:\/\/i.ibb.co\/7XtRQY2\/Whats-App-Image-2021-03-23-at-12-46-51.jpg\" alt=\"\" width=\"750\" height=\"499\"\/><\/figure>\n\n\n\n<figure class=\"wp-block-image size-large is-resized\"><img loading=\"lazy\" decoding=\"async\" src=\"https:\/\/i.ibb.co\/dkC7kbH\/Whats-App-Image-2021-03-23-at-12-46-51-2.jpg\" alt=\"\" width=\"750\" height=\"499\"\/><\/figure>\n","protected":false},"excerpt":{"rendered":"<p>El \u00c1rea de Cultura y Recreaci\u00f3n de Nuestro Municipio tiene el agrado de recibir Pinturas de la artista fortinense Martha Chiarlo, que estar\u00e1n expuestas en locales comerciales de Alicia.Las mismas&hellip; <\/p>\n","protected":false},"author":2,"featured_media":9304,"comment_status":"open","ping_status":"open","sticky":false,"template":"","format":"standard","meta":{"footnotes":""},"categories":[1,17,2],"tags":[],"class_list":["post-9302","post","type-post","status-publish","format-standard","has-post-thumbnail","hentry","category-culturales","category-destacadas","category-sociedad"],"views":314,"_links":{"self":[{"href":"https:\/\/fmalicia.com.ar\/index.php?rest_route=\/wp\/v2\/posts\/9302","targetHints":{"allow":["GET"]}}],"collection":[{"href":"https:\/\/fmalicia.com.ar\/index.php?rest_route=\/wp\/v2\/posts"}],"about":[{"href":"https:\/\/fmalicia.com.ar\/index.php?rest_route=\/wp\/v2\/types\/post"}],"author":[{"embeddable":true,"href":"https:\/\/fmalicia.com.ar\/index.php?rest_route=\/wp\/v2\/users\/2"}],"replies":[{"embeddable":true,"href":"https:\/\/fmalicia.com.ar\/index.php?rest_route=%2Fwp%2Fv2%2Fcomments&post=9302"}],"version-history":[{"count":1,"href":"https:\/\/fmalicia.com.ar\/index.php?rest_route=\/wp\/v2\/posts\/9302\/revisions"}],"predecessor-version":[{"id":9303,"href":"https:\/\/fmalicia.com.ar\/index.php?rest_route=\/wp\/v2\/posts\/9302\/revisions\/9303"}],"wp:featuredmedia":[{"embeddable":true,"href":"https:\/\/fmalicia.com.ar\/index.php?rest_route=\/wp\/v2\/media\/9304"}],"wp:attachment":[{"href":"https:\/\/fmalicia.com.ar\/index.php?rest_route=%2Fwp%2Fv2%2Fmedia&parent=9302"}],"wp:term":[{"taxonomy":"category","embeddable":true,"href":"https:\/\/fmalicia.com.ar\/index.php?rest_route=%2Fwp%2Fv2%2Fcategories&post=9302"},{"taxonomy":"post_tag","embeddable":true,"href":"https:\/\/fmalicia.com.ar\/index.php?rest_route=%2Fwp%2Fv2%2Ftags&post=9302"}],"curies":[{"name":"wp","href":"https:\/\/api.w.org\/{rel}","templated":true}]}}