{"id":9292,"date":"2021-03-23T10:39:13","date_gmt":"2021-03-23T13:39:13","guid":{"rendered":"https:\/\/fmalicia.com.ar\/?p=9292"},"modified":"2021-03-23T10:39:15","modified_gmt":"2021-03-23T13:39:15","slug":"mujeres-de-las-varillas-reconocidas-por-su-emprendedurismo","status":"publish","type":"post","link":"https:\/\/fmalicia.com.ar\/?p=9292","title":{"rendered":"Mujeres de Las Varillas reconocidas por su emprendedurismo"},"content":{"rendered":"\n<p>Desde el a\u00f1o 2010, el Centro Comercial Industrial y de la Propiedad de la Varillas (CeCIP), reconoce a mujeres emprendedoras o empresarias de la ciudad, en un evento organizado para la mujer (coordinado por el CeCIP y el CeCIP MUJERES), en donde se agasaja y se les entrega un recordatorio, haciendo honor al trabajo y al esfuerzo puestos en sus proyectos comerciales.<br>\u2063<br>Esta actividad se realiza en el marco del festejo por el D\u00cdA INTERNACIONAL DE LA MUJER, en el Mes de la Mujer.<br>\u2063<br>Este a\u00f1o el evento se realiza conjuntamente a la Municipalidad de la ciudad de Las Varillas y el Honorable Concejo Deliberante y se agasajar\u00e1 a dos mujeres ya que en el a\u00f1o 2020 no se pudo llevar a cabo, y tendr\u00e1 lugar\u2063 el viernes 26 de marzo a las 20:30 hs. en el Cine Teatro Col\u00f3n.<br>\u2063<br>En esta oportunidad, las mujeres que obtendr\u00e1n el merecido reconocimiento ser\u00e1n: <strong>Elda Raquel Peralta de Soler <\/strong><em>(comercio: De Diez) <\/em>quien acompa\u00f1ar\u00e1 a <strong>Gloria Cantoni<\/strong> <em>elegida en el a\u00f1o 2020 (comercio: Tashick) <\/em>.<br>\u2063<br>La Instituci\u00f3n convoca a las mujeres de nuestra ciudad a compartir un lindo momento y acompa\u00f1ar a las mujeres que ser\u00e1n distinguidas por estas instituciones.\u2063<br><\/p>\n\n\n\n<figure class=\"wp-block-image size-large\"><img decoding=\"async\" src=\"https:\/\/i.ibb.co\/88nqKwz\/Whats-App-Image-2021-03-23-at-09-38-45.jpg\" alt=\"\"\/><\/figure>\n\n\n\n<p><em>\u00a1Felicitamos a cada una de ellas y al CeCIP por distinguir la labor femenina!<\/em><\/p>\n","protected":false},"excerpt":{"rendered":"<p>Desde el a\u00f1o 2010, el Centro Comercial Industrial y de la Propiedad de la Varillas (CeCIP), reconoce a mujeres emprendedoras o empresarias de la ciudad, en un evento organizado para&hellip; <\/p>\n","protected":false},"author":3,"featured_media":9294,"comment_status":"open","ping_status":"open","sticky":false,"template":"","format":"standard","meta":{"footnotes":""},"categories":[5,2],"tags":[],"class_list":["post-9292","post","type-post","status-publish","format-standard","has-post-thumbnail","hentry","category-regionales","category-sociedad"],"views":379,"_links":{"self":[{"href":"https:\/\/fmalicia.com.ar\/index.php?rest_route=\/wp\/v2\/posts\/9292","targetHints":{"allow":["GET"]}}],"collection":[{"href":"https:\/\/fmalicia.com.ar\/index.php?rest_route=\/wp\/v2\/posts"}],"about":[{"href":"https:\/\/fmalicia.com.ar\/index.php?rest_route=\/wp\/v2\/types\/post"}],"author":[{"embeddable":true,"href":"https:\/\/fmalicia.com.ar\/index.php?rest_route=\/wp\/v2\/users\/3"}],"replies":[{"embeddable":true,"href":"https:\/\/fmalicia.com.ar\/index.php?rest_route=%2Fwp%2Fv2%2Fcomments&post=9292"}],"version-history":[{"count":1,"href":"https:\/\/fmalicia.com.ar\/index.php?rest_route=\/wp\/v2\/posts\/9292\/revisions"}],"predecessor-version":[{"id":9293,"href":"https:\/\/fmalicia.com.ar\/index.php?rest_route=\/wp\/v2\/posts\/9292\/revisions\/9293"}],"wp:featuredmedia":[{"embeddable":true,"href":"https:\/\/fmalicia.com.ar\/index.php?rest_route=\/wp\/v2\/media\/9294"}],"wp:attachment":[{"href":"https:\/\/fmalicia.com.ar\/index.php?rest_route=%2Fwp%2Fv2%2Fmedia&parent=9292"}],"wp:term":[{"taxonomy":"category","embeddable":true,"href":"https:\/\/fmalicia.com.ar\/index.php?rest_route=%2Fwp%2Fv2%2Fcategories&post=9292"},{"taxonomy":"post_tag","embeddable":true,"href":"https:\/\/fmalicia.com.ar\/index.php?rest_route=%2Fwp%2Fv2%2Ftags&post=9292"}],"curies":[{"name":"wp","href":"https:\/\/api.w.org\/{rel}","templated":true}]}}