{"id":9276,"date":"2021-03-23T10:00:58","date_gmt":"2021-03-23T13:00:58","guid":{"rendered":"https:\/\/fmalicia.com.ar\/?p=9276"},"modified":"2021-03-23T10:01:01","modified_gmt":"2021-03-23T13:01:01","slug":"planta-de-elaboracion-marcelo-alejandro-barra","status":"publish","type":"post","link":"https:\/\/fmalicia.com.ar\/?p=9276","title":{"rendered":"Planta de Elaboraci\u00f3n &#8220;Marcelo Alejandro Barra&#8221;"},"content":{"rendered":"\n<figure class=\"wp-block-image size-large is-resized\"><img loading=\"lazy\" decoding=\"async\" src=\"https:\/\/i.ibb.co\/9NgPygd\/Whats-App-Image-2021-03-22-at-13-10-50.jpg\" alt=\"\" width=\"469\" height=\"352\"\/><\/figure>\n\n\n\n<p>El pasado 18 de marzo trascend\u00edan las primeras im\u00e1genes de una nueva <strong>planta de elaboraci\u00f3n de helados<\/strong> que, para los alice\u00f1os, tiene un ingrediente especial ya que se trata de <strong><em>&#8220;Mayo Helados&#8221;<\/em><\/strong>, esa exquisita crema helada que nuestros paladares conocen muy bien, dado que nacieron en nuestra localidad en 1954.<\/p>\n\n\n\n<p>Es as\u00ed que en las redes de uno de los socios de <em>Mayo Helados Las Varillas<\/em>, el Arq. Germ\u00e1n Mainero, nos compart\u00eda, a trav\u00e9s de sus palabras, las sensaciones tras la concreci\u00f3n de este proyecto: <\/p>\n\n\n\n<figure class=\"wp-block-image size-large\"><img decoding=\"async\" src=\"https:\/\/i.ibb.co\/mvXpVQv\/german.jpg\" alt=\"\"\/><\/figure>\n\n\n\n<figure class=\"wp-block-image size-large\"><img decoding=\"async\" src=\"https:\/\/i.ibb.co\/RB1P1HP\/mayo-2.jpg\" alt=\"\"\/><\/figure>\n\n\n\n<figure class=\"wp-block-image size-large\"><img decoding=\"async\" src=\"https:\/\/i.ibb.co\/9ZpMG93\/mayo-1.jpg\" alt=\"\"\/><\/figure>\n\n\n\n<p>Agradecemos la informaci\u00f3n suministrada y anhelamos \u00e9xito a cada nuevo proyecto de la familia Barra-Mainero.<\/p>\n","protected":false},"excerpt":{"rendered":"<p>El pasado 18 de marzo trascend\u00edan las primeras im\u00e1genes de una nueva planta de elaboraci\u00f3n de helados que, para los alice\u00f1os, tiene un ingrediente especial ya que se trata de&hellip; <\/p>\n","protected":false},"author":3,"featured_media":9278,"comment_status":"open","ping_status":"open","sticky":false,"template":"","format":"standard","meta":{"footnotes":""},"categories":[17,5],"tags":[],"class_list":["post-9276","post","type-post","status-publish","format-standard","has-post-thumbnail","hentry","category-destacadas","category-regionales"],"views":279,"_links":{"self":[{"href":"https:\/\/fmalicia.com.ar\/index.php?rest_route=\/wp\/v2\/posts\/9276","targetHints":{"allow":["GET"]}}],"collection":[{"href":"https:\/\/fmalicia.com.ar\/index.php?rest_route=\/wp\/v2\/posts"}],"about":[{"href":"https:\/\/fmalicia.com.ar\/index.php?rest_route=\/wp\/v2\/types\/post"}],"author":[{"embeddable":true,"href":"https:\/\/fmalicia.com.ar\/index.php?rest_route=\/wp\/v2\/users\/3"}],"replies":[{"embeddable":true,"href":"https:\/\/fmalicia.com.ar\/index.php?rest_route=%2Fwp%2Fv2%2Fcomments&post=9276"}],"version-history":[{"count":1,"href":"https:\/\/fmalicia.com.ar\/index.php?rest_route=\/wp\/v2\/posts\/9276\/revisions"}],"predecessor-version":[{"id":9277,"href":"https:\/\/fmalicia.com.ar\/index.php?rest_route=\/wp\/v2\/posts\/9276\/revisions\/9277"}],"wp:featuredmedia":[{"embeddable":true,"href":"https:\/\/fmalicia.com.ar\/index.php?rest_route=\/wp\/v2\/media\/9278"}],"wp:attachment":[{"href":"https:\/\/fmalicia.com.ar\/index.php?rest_route=%2Fwp%2Fv2%2Fmedia&parent=9276"}],"wp:term":[{"taxonomy":"category","embeddable":true,"href":"https:\/\/fmalicia.com.ar\/index.php?rest_route=%2Fwp%2Fv2%2Fcategories&post=9276"},{"taxonomy":"post_tag","embeddable":true,"href":"https:\/\/fmalicia.com.ar\/index.php?rest_route=%2Fwp%2Fv2%2Ftags&post=9276"}],"curies":[{"name":"wp","href":"https:\/\/api.w.org\/{rel}","templated":true}]}}