{"id":9272,"date":"2021-03-22T11:45:00","date_gmt":"2021-03-22T14:45:00","guid":{"rendered":"https:\/\/fmalicia.com.ar\/?p=9272"},"modified":"2021-03-23T14:28:49","modified_gmt":"2021-03-23T17:28:49","slug":"2o-encuentro-del-curso-de-capacitacion-huerta-agroecologica-familiar","status":"publish","type":"post","link":"https:\/\/fmalicia.com.ar\/?p=9272","title":{"rendered":"2\u00ba Encuentro del Curso de Capacitaci\u00f3n \u201cHuerta Agroecol\u00f3gica Familiar\u201d"},"content":{"rendered":"\n<p>Tuvo lugar el 2\u00ba Encuentro del Curso de Capacitaci\u00f3n \u201cHuerta Agroecol\u00f3gica Familiar\u201d, en el marco del Programa FOMENTANDO HUERTAS AGROECOL\u00d3GICAS de la Secretar\u00eda de Ambiente de C\u00f3rdoba, con una importante participaci\u00f3n virtual y presencial.<br>En el mismo se dieron a conocer los beneficios de la Huerta Agroecol\u00f3gica y las Labores Culturales, la importancia de la Rotaci\u00f3n, Asociaci\u00f3n y las Enmiendas Org\u00e1nicas, que favorecen las caracter\u00edsticas del suelo sin la utilizaci\u00f3n de agroqu\u00edmicos. Complementaron el Curso temas como: Indicadores de Fertilidad del suelo, Tramperos para Insectos, Manejo Integral de Plagas y elaboraci\u00f3n de preparados caseros para combatirlas y la construcci\u00f3n de nuestra propia huerta a partir de material reciclable.<br>Adem\u00e1s, Soledad G\u00f3mez, T\u00e9cnica a cargo de la capacitaci\u00f3n, ofreci\u00f3 un recetario completo para mantener una alimentaci\u00f3n saludable y variada.<br>De esta manera, ponemos al alcance del vecino la posibilidad de aprender a producir su propio alimento y, aunque ello represente un desaf\u00edo, la incursi\u00f3n en esta pr\u00e1ctica constituye un beneficio a largo plazo para la Salud y el Medio Ambiente.<\/p>\n\n\n\n<figure class=\"wp-block-image size-large\"><img decoding=\"async\" src=\"https:\/\/i.ibb.co\/02MdqJf\/Whats-App-Image-2021-03-22-at-10-49-06.jpg\" alt=\"\"\/><\/figure>\n","protected":false},"excerpt":{"rendered":"<p>Tuvo lugar el 2\u00ba Encuentro del Curso de Capacitaci\u00f3n \u201cHuerta Agroecol\u00f3gica Familiar\u201d, en el marco del Programa FOMENTANDO HUERTAS AGROECOL\u00d3GICAS de la Secretar\u00eda de Ambiente de C\u00f3rdoba, con una importante&hellip; <\/p>\n","protected":false},"author":2,"featured_media":9274,"comment_status":"open","ping_status":"open","sticky":false,"template":"","format":"standard","meta":{"footnotes":""},"categories":[4,2],"tags":[],"class_list":["post-9272","post","type-post","status-publish","format-standard","has-post-thumbnail","hentry","category-locales","category-sociedad"],"views":326,"_links":{"self":[{"href":"https:\/\/fmalicia.com.ar\/index.php?rest_route=\/wp\/v2\/posts\/9272","targetHints":{"allow":["GET"]}}],"collection":[{"href":"https:\/\/fmalicia.com.ar\/index.php?rest_route=\/wp\/v2\/posts"}],"about":[{"href":"https:\/\/fmalicia.com.ar\/index.php?rest_route=\/wp\/v2\/types\/post"}],"author":[{"embeddable":true,"href":"https:\/\/fmalicia.com.ar\/index.php?rest_route=\/wp\/v2\/users\/2"}],"replies":[{"embeddable":true,"href":"https:\/\/fmalicia.com.ar\/index.php?rest_route=%2Fwp%2Fv2%2Fcomments&post=9272"}],"version-history":[{"count":1,"href":"https:\/\/fmalicia.com.ar\/index.php?rest_route=\/wp\/v2\/posts\/9272\/revisions"}],"predecessor-version":[{"id":9273,"href":"https:\/\/fmalicia.com.ar\/index.php?rest_route=\/wp\/v2\/posts\/9272\/revisions\/9273"}],"wp:featuredmedia":[{"embeddable":true,"href":"https:\/\/fmalicia.com.ar\/index.php?rest_route=\/wp\/v2\/media\/9274"}],"wp:attachment":[{"href":"https:\/\/fmalicia.com.ar\/index.php?rest_route=%2Fwp%2Fv2%2Fmedia&parent=9272"}],"wp:term":[{"taxonomy":"category","embeddable":true,"href":"https:\/\/fmalicia.com.ar\/index.php?rest_route=%2Fwp%2Fv2%2Fcategories&post=9272"},{"taxonomy":"post_tag","embeddable":true,"href":"https:\/\/fmalicia.com.ar\/index.php?rest_route=%2Fwp%2Fv2%2Ftags&post=9272"}],"curies":[{"name":"wp","href":"https:\/\/api.w.org\/{rel}","templated":true}]}}