{"id":9265,"date":"2021-03-22T11:08:40","date_gmt":"2021-03-22T14:08:40","guid":{"rendered":"https:\/\/fmalicia.com.ar\/?p=9265"},"modified":"2021-03-23T10:04:46","modified_gmt":"2021-03-23T13:04:46","slug":"del-agua-rodriguez-y-damiani-petri-triunfaron-en-el-parque-tricoloralmafuerte-de-las-varillas","status":"publish","type":"post","link":"https:\/\/fmalicia.com.ar\/?p=9265","title":{"rendered":"Padle:Del Agua-Rodr\u00edguez y Damiani-Petri triunfaron en el Parque tricolor de Almafuerte. En tenis, la Varense Valeria Ale junto a una sacantina"},"content":{"rendered":"\n<p>PADEL &#8211; RANKING REGIONAL<\/p>\n\n\n\n<p>En el marco de la 2da fecha del Ranking regional de P\u00e1del para las categor\u00edas 3ra + 4ta, que cont\u00f3 con 15 parejas inscriptas, y para la 6ta que tuvo 24 duplas en el Parque del Club Almafuerte de la ciudad de Las Varillas.<\/p>\n\n\n\n<p>En la categor\u00eda superior el alice\u00f1o Facundo Del Agua junto al varillense Manuel Rodr\u00edguez vencieron en la final a Toninetti &#8211; Verolo (este de Pozo del Molle) por 6\/1 &#8211; 6\/3, en tanto en 6ta los varillenses L\u00e1zaro Petri &#8211;\u00a0 Santiago Damiani hicieron lo propio por 6\/4 &#8211; 6\/3 ante Marty (El Fort\u00edn) y Lopez (Alicia).<\/p>\n\n\n\n<figure class=\"wp-block-image size-large\"><img decoding=\"async\" src=\"http:\/\/www.diariodelasvarillas.com.ar\/upload\/fotos\/77e912da9c9ebb6c01a9e65781c02d90.jpg\" alt=\"\"\/><\/figure>\n\n\n\n<p>En tanto en tenis una interesante y disputada final de 5ta categor\u00eda, la varense Valeria Ale junto a la sacantina Sof\u00eda Panero fueron las vencedoras , esta pareja de la regi\u00f3n se impuso a las varillenses Silvana Palavacino y Pilar Arzuaga por 1\/6 &#8211; 6\/2 y STB 10\/4.<\/p>\n\n\n\n<p>En 6ta las ganadoras fueron las sacantinas Zoe Bottero y Paola Paiaro al derrotar en la definici\u00f3n de la categor\u00eda a Judith Falco y Agustina Bellotti de Las Varillas, en tanto en 7ma triunfo la pareja Sofia Carrara &#8211; Ana Fern\u00e1ndez, quedando en segundo lugar Fabiana Cortina junto a Dalma Bocco, todas de Las Varillas.<\/p>\n\n\n\n<figure class=\"wp-block-image size-large\"><img decoding=\"async\" src=\"https:\/\/i.ibb.co\/DYMCcpw\/vale.jpg\" alt=\"\"\/><\/figure>\n\n\n\n<p>Fuente: Diario de Las Varillas<\/p>\n","protected":false},"excerpt":{"rendered":"<p>PADEL &#8211; RANKING REGIONAL En el marco de la 2da fecha del Ranking regional de P\u00e1del para las categor\u00edas 3ra + 4ta, que cont\u00f3 con 15 parejas inscriptas, y para&hellip; <\/p>\n","protected":false},"author":2,"featured_media":9267,"comment_status":"open","ping_status":"open","sticky":false,"template":"","format":"standard","meta":{"footnotes":""},"categories":[8,5],"tags":[],"class_list":["post-9265","post","type-post","status-publish","format-standard","has-post-thumbnail","hentry","category-deportes","category-regionales"],"views":409,"_links":{"self":[{"href":"https:\/\/fmalicia.com.ar\/index.php?rest_route=\/wp\/v2\/posts\/9265","targetHints":{"allow":["GET"]}}],"collection":[{"href":"https:\/\/fmalicia.com.ar\/index.php?rest_route=\/wp\/v2\/posts"}],"about":[{"href":"https:\/\/fmalicia.com.ar\/index.php?rest_route=\/wp\/v2\/types\/post"}],"author":[{"embeddable":true,"href":"https:\/\/fmalicia.com.ar\/index.php?rest_route=\/wp\/v2\/users\/2"}],"replies":[{"embeddable":true,"href":"https:\/\/fmalicia.com.ar\/index.php?rest_route=%2Fwp%2Fv2%2Fcomments&post=9265"}],"version-history":[{"count":4,"href":"https:\/\/fmalicia.com.ar\/index.php?rest_route=\/wp\/v2\/posts\/9265\/revisions"}],"predecessor-version":[{"id":9279,"href":"https:\/\/fmalicia.com.ar\/index.php?rest_route=\/wp\/v2\/posts\/9265\/revisions\/9279"}],"wp:featuredmedia":[{"embeddable":true,"href":"https:\/\/fmalicia.com.ar\/index.php?rest_route=\/wp\/v2\/media\/9267"}],"wp:attachment":[{"href":"https:\/\/fmalicia.com.ar\/index.php?rest_route=%2Fwp%2Fv2%2Fmedia&parent=9265"}],"wp:term":[{"taxonomy":"category","embeddable":true,"href":"https:\/\/fmalicia.com.ar\/index.php?rest_route=%2Fwp%2Fv2%2Fcategories&post=9265"},{"taxonomy":"post_tag","embeddable":true,"href":"https:\/\/fmalicia.com.ar\/index.php?rest_route=%2Fwp%2Fv2%2Ftags&post=9265"}],"curies":[{"name":"wp","href":"https:\/\/api.w.org\/{rel}","templated":true}]}}