{"id":9218,"date":"2021-03-19T13:53:44","date_gmt":"2021-03-19T16:53:44","guid":{"rendered":"https:\/\/fmalicia.com.ar\/?p=9218"},"modified":"2021-03-19T13:53:47","modified_gmt":"2021-03-19T16:53:47","slug":"alicia-obra-de-cordon-cuneta-sobre-calle-quintana","status":"publish","type":"post","link":"https:\/\/fmalicia.com.ar\/?p=9218","title":{"rendered":"Alicia: Obra de Cord\u00f3n Cuneta sobre calle Quintana"},"content":{"rendered":"\n<figure class=\"wp-block-image size-large\"><img decoding=\"async\" src=\"https:\/\/i.ibb.co\/ThPhBTL\/Whats-App-Image-2021-03-19-at-11-41-06.jpg\" alt=\"\"\/><\/figure>\n\n\n\n<p>Desde el \u00c1rea de Obras P\u00fablicas de la Municipalidad de Alicia informan que comenzaron los trabajos de preparaci\u00f3n de superficie sobre calle Quintana, entre Bv. Buenos Aires y Bv. Santa Fe (arterias principales del pueblo), donde se realizar\u00e1 la Obra de Cord\u00f3n Cuneta, sobre ambos m\u00e1rgenes de la calle, que definir\u00e1 ese espacio p\u00fablico.<\/p>\n\n\n\n<p>El proyecto incluye la construcci\u00f3n de una Senda Peatonal, sentido Norte- Sur, que refuerza los que ya existen, facilitando la circulaci\u00f3n de peatones por esa zona. <\/p>\n\n\n\n<figure class=\"wp-block-image size-large\"><img decoding=\"async\" src=\"https:\/\/i.ibb.co\/G99RqX8\/Whats-App-Image-2021-03-19-at-11-41-07-1.jpg\" alt=\"\"\/><\/figure>\n\n\n\n<figure class=\"wp-block-image size-large\"><img decoding=\"async\" src=\"https:\/\/i.ibb.co\/ryqkwwZ\/Whats-App-Image-2021-03-19-at-11-41-07.jpg\" alt=\"\"\/><\/figure>\n\n\n\n<p>Fuente: Prensa y Difusi\u00f3n Municipal<\/p>\n","protected":false},"excerpt":{"rendered":"<p>Desde el \u00c1rea de Obras P\u00fablicas de la Municipalidad de Alicia informan que comenzaron los trabajos de preparaci\u00f3n de superficie sobre calle Quintana, entre Bv. Buenos Aires y Bv. Santa&hellip; <\/p>\n","protected":false},"author":3,"featured_media":9220,"comment_status":"open","ping_status":"open","sticky":false,"template":"","format":"standard","meta":{"footnotes":""},"categories":[4,2],"tags":[],"class_list":["post-9218","post","type-post","status-publish","format-standard","has-post-thumbnail","hentry","category-locales","category-sociedad"],"views":269,"_links":{"self":[{"href":"https:\/\/fmalicia.com.ar\/index.php?rest_route=\/wp\/v2\/posts\/9218","targetHints":{"allow":["GET"]}}],"collection":[{"href":"https:\/\/fmalicia.com.ar\/index.php?rest_route=\/wp\/v2\/posts"}],"about":[{"href":"https:\/\/fmalicia.com.ar\/index.php?rest_route=\/wp\/v2\/types\/post"}],"author":[{"embeddable":true,"href":"https:\/\/fmalicia.com.ar\/index.php?rest_route=\/wp\/v2\/users\/3"}],"replies":[{"embeddable":true,"href":"https:\/\/fmalicia.com.ar\/index.php?rest_route=%2Fwp%2Fv2%2Fcomments&post=9218"}],"version-history":[{"count":1,"href":"https:\/\/fmalicia.com.ar\/index.php?rest_route=\/wp\/v2\/posts\/9218\/revisions"}],"predecessor-version":[{"id":9219,"href":"https:\/\/fmalicia.com.ar\/index.php?rest_route=\/wp\/v2\/posts\/9218\/revisions\/9219"}],"wp:featuredmedia":[{"embeddable":true,"href":"https:\/\/fmalicia.com.ar\/index.php?rest_route=\/wp\/v2\/media\/9220"}],"wp:attachment":[{"href":"https:\/\/fmalicia.com.ar\/index.php?rest_route=%2Fwp%2Fv2%2Fmedia&parent=9218"}],"wp:term":[{"taxonomy":"category","embeddable":true,"href":"https:\/\/fmalicia.com.ar\/index.php?rest_route=%2Fwp%2Fv2%2Fcategories&post=9218"},{"taxonomy":"post_tag","embeddable":true,"href":"https:\/\/fmalicia.com.ar\/index.php?rest_route=%2Fwp%2Fv2%2Ftags&post=9218"}],"curies":[{"name":"wp","href":"https:\/\/api.w.org\/{rel}","templated":true}]}}