{"id":9204,"date":"2021-03-19T10:16:11","date_gmt":"2021-03-19T13:16:11","guid":{"rendered":"https:\/\/fmalicia.com.ar\/?p=9204"},"modified":"2021-03-19T10:16:13","modified_gmt":"2021-03-19T13:16:13","slug":"dia-de-san-jose","status":"publish","type":"post","link":"https:\/\/fmalicia.com.ar\/?p=9204","title":{"rendered":"DIA DE SAN JOSE"},"content":{"rendered":"\n<p>Desde Espa\u00f1a, el sacerdote Juan Carlos Velarde Gonz\u00e1lez comparte una reflexi\u00f3n para conmemorar la memoria lit\u00fargica de San Jos\u00e9 y homenajea a todos los padres en su d\u00eda, que tendr\u00e1 lugar ma\u00f1ana 19 de marzo.<\/p>\n\n\n\n<p><strong>Ciudad del Vaticano<\/strong><\/p>\n\n\n\n<p>Celebramos la fiesta de San Jos\u00e9, esposo de la Virgen Mar\u00eda, del cual los evangelios nos dicen muy poco; pero, s\u00ed lo suficiente \u201cpoco\u201d para trasladar sus ense\u00f1anzas a los padres de hoy.<\/p>\n\n\n\n<p>El Papa Francisco a su vez, ha regalado a la Iglesia su carta apost\u00f3lica \u201cPatris Corde\u201d con motivo del 150\u00ba aniversario de la declaraci\u00f3n de San Jos\u00e9 como Patrono de la Iglesia universal. En ella, partiendo de los textos del Evangelio y de su experiencia de devoci\u00f3n personal, comparte con nosotros algunas de las caracter\u00edsticas del esposo de la Sant\u00edsima Virgen Mar\u00eda.<\/p>\n\n\n\n<p>En nuestra sociedad del ruido y de la prisa, y tambi\u00e9n en esta sociedad de la pandemia que sufrimos, muchos padres est\u00e1n inmersos en sus trabajos, en sus preocupaciones laborales que no son pocas y en otras muchas batallas personales y sociales, a veces, algunos de ellos me cuentan, por ejemplo: \u201cveo a mi esposa al amanecer antes de ir a trabajar y cuando regreso al caer la tarde, poco m\u00e1s\u201d, \u201cno tengo tiempo para jugar con mis hijos, ahora debo tener m\u00e1s cuidado en mi trabajo para no perderle\u201d, \u201cme preocupa que la educaci\u00f3n de mis hijos viene dada de quienes les cuidan, de su escuela, \u2026 pero les falta la m\u00e1s importante, la de la familia\u201d\u2026<\/p>\n\n\n\n<h2 class=\"wp-block-heading\">San Jos\u00e9 es ejemplo de esposo y de padre<\/h2>\n\n\n\n<p>Estoy convencido que puede ser, no solo un ejemplo a seguir por los creyentes, sino tambi\u00e9n por aquellos que no creen o pertenecen a otras confesiones; porque a la hora de ser padre, de ser familia, de ser iglesia, en todo&nbsp;<em>\u201ces mucho m\u00e1s lo que nos une que lo que nos separa\u201d<\/em>, como recordaba el Papa San Juan XXIII.<\/p>\n\n\n\n<h2 class=\"wp-block-heading\">San Jos\u00e9 nos da ejemplo de escucha<\/h2>\n\n\n\n<p>\u00c9l escuch\u00f3 en sue\u00f1os aquello que el Padre Dios le ped\u00eda. Hoy en d\u00eda la escucha es fundamental. La escucha es una puesta en pr\u00e1ctica de la caridad. Para los creyentes es indispensable escuchar la Palabra de Dios que nos gu\u00eda, nos orienta, nos ilumina; pero tambi\u00e9n lo es la escucha de la esposa y, por supuesto, de los hijos. El Papa Francisco subraya la necesidad de que los padres&nbsp;<em>\u201cpierdan el tiempo\u201d<\/em>&nbsp;jugando con sus hijos. Bien entrecomillado porque algo tan lleno de ternura, nunca es ni ser\u00e1 una p\u00e9rdida de tiempo. No sigamos con anemia de escucha.<\/p>\n\n\n\n<h2 class=\"wp-block-heading\">San Jos\u00e9 nos da ejemplo de obediencia<\/h2>\n\n\n\n<p>San Jos\u00e9 nos da ejemplo de obediencia tanto en hacer aquello que Dios le ped\u00eda; como a la hora de dar ejemplo al Ni\u00f1o Jes\u00fas. A veces se escucha a algunos padres decir:&nbsp;<em>\u201ca m\u00ed no me gusta decir que soy padre de mi hijo, prefiero decir que soy su amigo\u201d<\/em>, esta frase es peligrosa porque al final ni se vive la realidad de la paternidad ni tampoco la de la amistad. Ser padre es una vocaci\u00f3n particular que Dios da para hacer sentir a los hijos la cercan\u00eda, el amor, la misericordia, la ternura\u2026 del Padre Dios que camina con nosotros sus hijos. Obedecer tambi\u00e9n es poner en pr\u00e1ctica la caridad.<\/p>\n\n\n\n<h2 class=\"wp-block-heading\">San Jos\u00e9 nos da ejemplo de trabajador<\/h2>\n\n\n\n<p>Sabemos que su trabajo era el de carpintero. Ser padre trabajador con todos los valores que esta misi\u00f3n conlleva, es faro que ilumina la vida de los hijos. Ahora, quiz\u00e1s es m\u00e1s necesario que nunca, subrayar que el trabajo dignifica al hombre, que pone en pr\u00e1ctica la creatividad, el sacrificio, la honradez&#8230; El ejemplo de San Jos\u00e9 nos lleva a apartarnos de la vida f\u00e1cil, en el sentido de no enga\u00f1ar a los hijos pensando que la vida es pedir y recibir; sino que, mediante tu trabajo y tu sacrificio, te est\u00e1s dignificando, est\u00e1s siendo colaborador del Padre Dios en la obra de la creaci\u00f3n. El ejemplo de trabajo de San Jos\u00e9 es un buen ant\u00eddoto contra la pandemia del ego\u00edsmo. Trabajar con la vista puesta en la dignidad personal y el bien comunitario, tambi\u00e9n es una puesta en pr\u00e1ctica de la caridad.<\/p>\n\n\n\n<p>En estos puntos me he querido detener. Cuando contemplas y, a la vez, compartes la vida de la familia, la misi\u00f3n del padre, de la madre, de los hijos; descubres que algunos caminos actuales por donde discurren muchas familias, les conducen a la infelicidad o a no aceptarse c\u00f3mo viven siendo padre, madre, hijo\u2026 como si nunca se hiciera bien. Todo barco necesita un faro que le gu\u00ede, todo avi\u00f3n necesita un radar que le acerque al aeropuerto, todo hombre y toda mujer necesita gu\u00edas que le lleven a vivir la bendici\u00f3n de la familia y la vocaci\u00f3n de padre, de madre o de hijos de una manera cercana, que sea capaz de devolver ilusi\u00f3n, entusiasmo, paz y alegr\u00eda. Creo que, no hay mejor ejemplo que el del esposo de la Virgen Mar\u00eda, el padre en la tierra del Ni\u00f1o Jes\u00fas, me refiero a San Jos\u00e9, el Patrono de la Iglesia universal.<\/p>\n\n\n\n<figure class=\"wp-block-image size-large is-resized\"><img loading=\"lazy\" decoding=\"async\" src=\"https:\/\/i.ibb.co\/MCwMhLM\/SAN-JOSE.jpg\" alt=\"\" width=\"647\" height=\"364\"\/><\/figure>\n\n\n\n<p><a href=\"https:\/\/www.comunicazione.va\/en\/sostienici\/es.html\"><\/a><\/p>\n","protected":false},"excerpt":{"rendered":"<p>Desde Espa\u00f1a, el sacerdote Juan Carlos Velarde Gonz\u00e1lez comparte una reflexi\u00f3n para conmemorar la memoria lit\u00fargica de San Jos\u00e9 y homenajea a todos los padres en su d\u00eda, que tendr\u00e1&hellip; <\/p>\n","protected":false},"author":2,"featured_media":9206,"comment_status":"open","ping_status":"open","sticky":false,"template":"","format":"standard","meta":{"footnotes":""},"categories":[2],"tags":[],"class_list":["post-9204","post","type-post","status-publish","format-standard","has-post-thumbnail","hentry","category-sociedad"],"views":346,"_links":{"self":[{"href":"https:\/\/fmalicia.com.ar\/index.php?rest_route=\/wp\/v2\/posts\/9204","targetHints":{"allow":["GET"]}}],"collection":[{"href":"https:\/\/fmalicia.com.ar\/index.php?rest_route=\/wp\/v2\/posts"}],"about":[{"href":"https:\/\/fmalicia.com.ar\/index.php?rest_route=\/wp\/v2\/types\/post"}],"author":[{"embeddable":true,"href":"https:\/\/fmalicia.com.ar\/index.php?rest_route=\/wp\/v2\/users\/2"}],"replies":[{"embeddable":true,"href":"https:\/\/fmalicia.com.ar\/index.php?rest_route=%2Fwp%2Fv2%2Fcomments&post=9204"}],"version-history":[{"count":1,"href":"https:\/\/fmalicia.com.ar\/index.php?rest_route=\/wp\/v2\/posts\/9204\/revisions"}],"predecessor-version":[{"id":9205,"href":"https:\/\/fmalicia.com.ar\/index.php?rest_route=\/wp\/v2\/posts\/9204\/revisions\/9205"}],"wp:featuredmedia":[{"embeddable":true,"href":"https:\/\/fmalicia.com.ar\/index.php?rest_route=\/wp\/v2\/media\/9206"}],"wp:attachment":[{"href":"https:\/\/fmalicia.com.ar\/index.php?rest_route=%2Fwp%2Fv2%2Fmedia&parent=9204"}],"wp:term":[{"taxonomy":"category","embeddable":true,"href":"https:\/\/fmalicia.com.ar\/index.php?rest_route=%2Fwp%2Fv2%2Fcategories&post=9204"},{"taxonomy":"post_tag","embeddable":true,"href":"https:\/\/fmalicia.com.ar\/index.php?rest_route=%2Fwp%2Fv2%2Ftags&post=9204"}],"curies":[{"name":"wp","href":"https:\/\/api.w.org\/{rel}","templated":true}]}}