{"id":9188,"date":"2021-03-19T06:47:01","date_gmt":"2021-03-19T09:47:01","guid":{"rendered":"https:\/\/fmalicia.com.ar\/?p=9188"},"modified":"2021-03-18T22:47:47","modified_gmt":"2021-03-19T01:47:47","slug":"las-varillas-se-investiga-hurto-en-domicilio","status":"publish","type":"post","link":"https:\/\/fmalicia.com.ar\/?p=9188","title":{"rendered":"LAS VARILLAS. SE INVESTIGA HURTO EN DOMICILIO"},"content":{"rendered":"\n<p><br>Personal de investigaciones se encuentra trabajando en la investigaci\u00f3n de un hecho denunciado en la ma\u00f1ana del jueves, por un joven de 27 a\u00f1os, que dijo que se retir\u00f3 de su domicilio de calle Alberto F. Saluzzo, donde autores ignorados ingresaron utilizando una de las puertas que estaba sin medidas de seguridad y le sustrajeron accesorios varios y un celular.<\/p>\n\n\n\n<p>LAS VARILLAS. ALLANAMIENTOS<br>El d\u00eda miercoles personal de la brigada investigaciones de la ciudad de Las Varillas, y Patrulla Rural, se trasladaron a la ciudad de Reconquista, Santa Fe donde con colaboraci\u00f3n de investigadores de esa ciudad, allanaron un domicilio ubicado en el B\u00b0 San Francisco de Asis.<\/p>\n\n\n\n<p>El Procedimiento que arroj\u00f3 resultado negativo, esta relacionado a actuaciones judiciales por denuncia en la localidad de Las Varas realizada en los primeros d\u00edas de febrero, donde un productor denunci\u00f3 la sustracci\u00f3n de animales y elementos de la vivienda ubicada en zona rural.<\/p>\n\n\n\n<p>Otro allanamiento se realiz\u00f3 en la tarde del jueves en calle San Mart\u00edn al 800 de Las Varillas, donde el resultado fue negativo. Este esta relacionado a tareas de investigaci\u00f3n realizadas por la sustracci\u00f3n de herramientas denunciadas por un hombre en los \u00faltimos d\u00edas del mes de febrero. Que daba cuanta que de un cami\u00f3n que est\u00e1 en desuso en la vereda de su casa, le sustrajeron dichas herramientas.<\/p>\n\n\n\n<p>Se continua con las actuaciones y averiguaciones correspondientes en ambas causas.<\/p>\n\n\n\n<figure class=\"wp-block-image size-large is-resized\"><img loading=\"lazy\" decoding=\"async\" src=\"https:\/\/i.ibb.co\/HzykTpn\/polici.jpg\" alt=\"\" width=\"692\" height=\"696\"\/><\/figure>\n\n\n\n<p>FUENTE COMISARIA LAS VARILLAS<\/p>\n","protected":false},"excerpt":{"rendered":"<p>Personal de investigaciones se encuentra trabajando en la investigaci\u00f3n de un hecho denunciado en la ma\u00f1ana del jueves, por un joven de 27 a\u00f1os, que dijo que se retir\u00f3 de&hellip; <\/p>\n","protected":false},"author":2,"featured_media":9190,"comment_status":"open","ping_status":"open","sticky":false,"template":"","format":"standard","meta":{"footnotes":""},"categories":[3],"tags":[],"class_list":["post-9188","post","type-post","status-publish","format-standard","has-post-thumbnail","hentry","category-policiales"],"views":194,"_links":{"self":[{"href":"https:\/\/fmalicia.com.ar\/index.php?rest_route=\/wp\/v2\/posts\/9188","targetHints":{"allow":["GET"]}}],"collection":[{"href":"https:\/\/fmalicia.com.ar\/index.php?rest_route=\/wp\/v2\/posts"}],"about":[{"href":"https:\/\/fmalicia.com.ar\/index.php?rest_route=\/wp\/v2\/types\/post"}],"author":[{"embeddable":true,"href":"https:\/\/fmalicia.com.ar\/index.php?rest_route=\/wp\/v2\/users\/2"}],"replies":[{"embeddable":true,"href":"https:\/\/fmalicia.com.ar\/index.php?rest_route=%2Fwp%2Fv2%2Fcomments&post=9188"}],"version-history":[{"count":1,"href":"https:\/\/fmalicia.com.ar\/index.php?rest_route=\/wp\/v2\/posts\/9188\/revisions"}],"predecessor-version":[{"id":9189,"href":"https:\/\/fmalicia.com.ar\/index.php?rest_route=\/wp\/v2\/posts\/9188\/revisions\/9189"}],"wp:featuredmedia":[{"embeddable":true,"href":"https:\/\/fmalicia.com.ar\/index.php?rest_route=\/wp\/v2\/media\/9190"}],"wp:attachment":[{"href":"https:\/\/fmalicia.com.ar\/index.php?rest_route=%2Fwp%2Fv2%2Fmedia&parent=9188"}],"wp:term":[{"taxonomy":"category","embeddable":true,"href":"https:\/\/fmalicia.com.ar\/index.php?rest_route=%2Fwp%2Fv2%2Fcategories&post=9188"},{"taxonomy":"post_tag","embeddable":true,"href":"https:\/\/fmalicia.com.ar\/index.php?rest_route=%2Fwp%2Fv2%2Ftags&post=9188"}],"curies":[{"name":"wp","href":"https:\/\/api.w.org\/{rel}","templated":true}]}}