{"id":9146,"date":"2021-03-17T10:51:40","date_gmt":"2021-03-17T13:51:40","guid":{"rendered":"https:\/\/fmalicia.com.ar\/?p=9146"},"modified":"2021-03-17T10:51:43","modified_gmt":"2021-03-17T13:51:43","slug":"comenzo-el-curso-de-capacitacion-del-programa-fomentando-huertas-agroecologicas","status":"publish","type":"post","link":"https:\/\/fmalicia.com.ar\/?p=9146","title":{"rendered":"Comenz\u00f3 el Curso de Capacitaci\u00f3n del Programa FOMENTANDO HUERTAS AGROECOL\u00d3GICAS"},"content":{"rendered":"\n<p>Comenz\u00f3 el Curso de Capacitaci\u00f3n del Programa FOMENTANDO HUERTAS AGROECOL\u00d3GICAS, el cual promueve Espacios de Producci\u00f3n Local, familiares y\/o comunitarios, para acceder a alimentos saludables y variados a trav\u00e9s de la autoproducci\u00f3n y el autoabastecimiento.<\/p>\n\n\n\n<p>La Capacitaci\u00f3n es llevada a cabo por Soledad G\u00f3mez de la Secretar\u00eda de Ambiente de C\u00f3rdoba, quien mediante herramientas virtuales brinda informaci\u00f3n, asesoramiento e instrucci\u00f3n para la planificaci\u00f3n y concreci\u00f3n de una #HuertaAgroecol\u00f3gica en casa.<\/p>\n\n\n\n<p>Recuerde que el pr\u00f3ximo Encuentro es el d\u00eda Jueves 18, de 15 a 16:30 hs. por plataforma Meet.<\/p>\n\n\n\n<figure class=\"wp-block-image size-large is-resized\"><img loading=\"lazy\" decoding=\"async\" src=\"https:\/\/i.ibb.co\/ctdNDFJ\/Whats-App-Image-2021-03-17-at-10-27-38.jpg\" alt=\"\" width=\"797\" height=\"530\"\/><\/figure>\n\n\n\n<figure class=\"wp-block-image size-large is-resized\"><img loading=\"lazy\" decoding=\"async\" src=\"https:\/\/i.ibb.co\/W3m4Q9P\/Whats-App-Image-2021-03-17-at-10-27-38-1.jpg\" alt=\"\" width=\"760\" height=\"506\"\/><\/figure>\n","protected":false},"excerpt":{"rendered":"<p>Comenz\u00f3 el Curso de Capacitaci\u00f3n del Programa FOMENTANDO HUERTAS AGROECOL\u00d3GICAS, el cual promueve Espacios de Producci\u00f3n Local, familiares y\/o comunitarios, para acceder a alimentos saludables y variados a trav\u00e9s de&hellip; <\/p>\n","protected":false},"author":2,"featured_media":9148,"comment_status":"open","ping_status":"open","sticky":false,"template":"","format":"standard","meta":{"footnotes":""},"categories":[1,17,4,2],"tags":[],"class_list":["post-9146","post","type-post","status-publish","format-standard","has-post-thumbnail","hentry","category-culturales","category-destacadas","category-locales","category-sociedad"],"views":450,"_links":{"self":[{"href":"https:\/\/fmalicia.com.ar\/index.php?rest_route=\/wp\/v2\/posts\/9146","targetHints":{"allow":["GET"]}}],"collection":[{"href":"https:\/\/fmalicia.com.ar\/index.php?rest_route=\/wp\/v2\/posts"}],"about":[{"href":"https:\/\/fmalicia.com.ar\/index.php?rest_route=\/wp\/v2\/types\/post"}],"author":[{"embeddable":true,"href":"https:\/\/fmalicia.com.ar\/index.php?rest_route=\/wp\/v2\/users\/2"}],"replies":[{"embeddable":true,"href":"https:\/\/fmalicia.com.ar\/index.php?rest_route=%2Fwp%2Fv2%2Fcomments&post=9146"}],"version-history":[{"count":1,"href":"https:\/\/fmalicia.com.ar\/index.php?rest_route=\/wp\/v2\/posts\/9146\/revisions"}],"predecessor-version":[{"id":9147,"href":"https:\/\/fmalicia.com.ar\/index.php?rest_route=\/wp\/v2\/posts\/9146\/revisions\/9147"}],"wp:featuredmedia":[{"embeddable":true,"href":"https:\/\/fmalicia.com.ar\/index.php?rest_route=\/wp\/v2\/media\/9148"}],"wp:attachment":[{"href":"https:\/\/fmalicia.com.ar\/index.php?rest_route=%2Fwp%2Fv2%2Fmedia&parent=9146"}],"wp:term":[{"taxonomy":"category","embeddable":true,"href":"https:\/\/fmalicia.com.ar\/index.php?rest_route=%2Fwp%2Fv2%2Fcategories&post=9146"},{"taxonomy":"post_tag","embeddable":true,"href":"https:\/\/fmalicia.com.ar\/index.php?rest_route=%2Fwp%2Fv2%2Ftags&post=9146"}],"curies":[{"name":"wp","href":"https:\/\/api.w.org\/{rel}","templated":true}]}}