{"id":9140,"date":"2021-03-16T13:29:39","date_gmt":"2021-03-16T16:29:39","guid":{"rendered":"https:\/\/fmalicia.com.ar\/?p=9140"},"modified":"2021-03-16T13:29:41","modified_gmt":"2021-03-16T16:29:41","slug":"jose-gabriel-brochero-santo-patrono-de-los-caminos","status":"publish","type":"post","link":"https:\/\/fmalicia.com.ar\/?p=9140","title":{"rendered":"Jos\u00e9 Gabriel Brochero: Santo Patrono de los caminos"},"content":{"rendered":"\n<p>Hoy se conmemora el\u00a0<strong>natalicio de San Jos\u00e9 Gabriel del Rosario Brochero<\/strong>, nacido en 1840 en el paraje Carreta Quemada, pr\u00f3ximo a Villa Santa Rosa de R\u00edo Primero. Sus padres fueron don Vicente Ignacio Brochero y do\u00f1a Petrona D\u00e1vila y Jos\u00e9 Gabriel era el cuarto de diez hermanos de una familia humilde, que viv\u00eda de las labores rurales y profesaba su profunda fe cristiana.<\/p>\n\n\n\n<figure class=\"wp-block-embed-youtube wp-block-embed is-type-video is-provider-youtube wp-embed-aspect-16-9 wp-has-aspect-ratio\"><div class=\"wp-block-embed__wrapper\">\n<iframe loading=\"lazy\" title=\"Jos\u00e9 Gabriel Brochero: Santo Patrono de los caminos\" width=\"1110\" height=\"624\" src=\"https:\/\/www.youtube.com\/embed\/UEAF9SLnb1M?feature=oembed\" frameborder=\"0\" allow=\"accelerometer; autoplay; clipboard-write; encrypted-media; gyroscope; picture-in-picture\" allowfullscreen><\/iframe>\n<\/div><\/figure>\n\n\n\n<p>Su camino al sacerdocio comenz\u00f3 en 1856, cuando ingres\u00f3 en el seminario Nuestra Se\u00f1ora de Loreto de la ciudad de C\u00f3rdoba, para luego ser ordenado en 1866. Tres a\u00f1os m\u00e1s tarde se le asigna el\u00a0<strong>curato de San Alberto<\/strong>, con sede en Villa San Pedro, en la zona de Pampa de Achala. El curato abarcaba cuatro departamentos del oeste cordob\u00e9s, con una extensi\u00f3n aproximada de veintitr\u00e9s leguas de este a oeste y casi igual de norte a sur. Entre las localidades de San Javier, San Alberto, Minas, y Pocho, ten\u00eda a unas 37 mil almas que atender debido a la escases de curas, adem\u00e1s de los pobladores de San Luis y La Rioja. Su vocaci\u00f3n y apostolado se plasmaron en el trabajo incansable que Brochero dedic\u00f3 a sus fieles y no solo a trav\u00e9s de los ejercicios espirituales. Precisamente ese contacto con sus feligreses le permiti\u00f3 al \u201ccura gaucho\u201d conocer de sus necesidades y carencias y lo motiv\u00f3 a procurar el bienestar espiritual y material de sus fieles. Es por eso que en su trabajo pastoral se recuerda, adem\u00e1s de la fundaci\u00f3n de escuelas, casas de ejercicios espirituales y una residencia para sacerdotes, la gesti\u00f3n que encabez\u00f3 ante las autoridades para la creaci\u00f3n de acueductos y regad\u00edos que permitieron la llegada de agua desde el r\u00edo Panaholma, asi como la concreci\u00f3n de una estafeta postal, un tel\u00e9grafo y sucursales bancarias, entre otros proyectos que pens\u00f3 para sus fieles de la zona de Traslasierra.<\/p>\n\n\n\n<p>Sin dudas, la construcci\u00f3n de caminos que permitieran la conexi\u00f3n entre C\u00f3rdoba y las localidades del otro lado de las Altas Cumbres fue otro de los legados del Santo Brochero. Por esa raz\u00f3n,&nbsp;<strong>la Legislatura de C\u00f3rdoba lo declar\u00f3<\/strong>&nbsp;<strong><a href=\"http:\/\/web2.cba.gov.ar\/web\/leyes.nsf\/0\/04FBCF165DE0209E032580B900544B3E?OpenDocument&amp;Highlight=0,10408\">Santo Patrono de los Caminos Rurales que unen las localidades de Villa Giulio Cesare, Tanti, Los Gigantes, Sagrada Familia, Ambul y Villa Cura Brochero<\/a>.<\/strong><\/p>\n\n\n\n<p>Una\u00a0<strong>escultura\u00a0<\/strong>del artista local\u00a0<strong>Julio Incardona<\/strong>\u00a0ubicada en el hall central del edificio de la Unicameral cordobesa, recuerda la obra y cualidades de Jos\u00e9 Gabriel Brochero, primer santo que naci\u00f3, vivi\u00f3 y muri\u00f3 en Argentina.<\/p>\n\n\n\n<figure class=\"wp-block-image size-large is-resized\"><img loading=\"lazy\" decoding=\"async\" src=\"https:\/\/legislaturacba.gob.ar\/wp-content\/uploads\/2021\/03\/Escultura_Brochero_hall.central.jpg\" alt=\"\" width=\"729\" height=\"484\"\/><\/figure>\n","protected":false},"excerpt":{"rendered":"<p>Hoy se conmemora el\u00a0natalicio de San Jos\u00e9 Gabriel del Rosario Brochero, nacido en 1840 en el paraje Carreta Quemada, pr\u00f3ximo a Villa Santa Rosa de R\u00edo Primero. Sus padres fueron&hellip; <\/p>\n","protected":false},"author":2,"featured_media":9142,"comment_status":"open","ping_status":"open","sticky":false,"template":"","format":"standard","meta":{"footnotes":""},"categories":[1,17,7,2],"tags":[],"class_list":["post-9140","post","type-post","status-publish","format-standard","has-post-thumbnail","hentry","category-culturales","category-destacadas","category-nacionales","category-sociedad"],"views":398,"_links":{"self":[{"href":"https:\/\/fmalicia.com.ar\/index.php?rest_route=\/wp\/v2\/posts\/9140","targetHints":{"allow":["GET"]}}],"collection":[{"href":"https:\/\/fmalicia.com.ar\/index.php?rest_route=\/wp\/v2\/posts"}],"about":[{"href":"https:\/\/fmalicia.com.ar\/index.php?rest_route=\/wp\/v2\/types\/post"}],"author":[{"embeddable":true,"href":"https:\/\/fmalicia.com.ar\/index.php?rest_route=\/wp\/v2\/users\/2"}],"replies":[{"embeddable":true,"href":"https:\/\/fmalicia.com.ar\/index.php?rest_route=%2Fwp%2Fv2%2Fcomments&post=9140"}],"version-history":[{"count":1,"href":"https:\/\/fmalicia.com.ar\/index.php?rest_route=\/wp\/v2\/posts\/9140\/revisions"}],"predecessor-version":[{"id":9141,"href":"https:\/\/fmalicia.com.ar\/index.php?rest_route=\/wp\/v2\/posts\/9140\/revisions\/9141"}],"wp:featuredmedia":[{"embeddable":true,"href":"https:\/\/fmalicia.com.ar\/index.php?rest_route=\/wp\/v2\/media\/9142"}],"wp:attachment":[{"href":"https:\/\/fmalicia.com.ar\/index.php?rest_route=%2Fwp%2Fv2%2Fmedia&parent=9140"}],"wp:term":[{"taxonomy":"category","embeddable":true,"href":"https:\/\/fmalicia.com.ar\/index.php?rest_route=%2Fwp%2Fv2%2Fcategories&post=9140"},{"taxonomy":"post_tag","embeddable":true,"href":"https:\/\/fmalicia.com.ar\/index.php?rest_route=%2Fwp%2Fv2%2Ftags&post=9140"}],"curies":[{"name":"wp","href":"https:\/\/api.w.org\/{rel}","templated":true}]}}