{"id":9138,"date":"2021-03-16T13:50:37","date_gmt":"2021-03-16T16:50:37","guid":{"rendered":"https:\/\/fmalicia.com.ar\/?p=9138"},"modified":"2021-03-16T13:50:40","modified_gmt":"2021-03-16T16:50:40","slug":"las-varillas-el-pasado-viernes-se-realizo-la-pena-de-reflejo-gaucho","status":"publish","type":"post","link":"https:\/\/fmalicia.com.ar\/?p=9138","title":{"rendered":"Las Varillas, el pasado  viernes se realiz\u00f3 la Pe\u00f1a de &#8220;Reflejo Gaucho&#8221;"},"content":{"rendered":"\n<p>Dicha Pe\u00f1a se efectu\u00f3 en el predio de La Agrupaci\u00f3n Medardo Alvarez Luque, el la conducci\u00f3n Horacio &#8220;Lacho&#8221; Marshall y Juan Martin Lazuri, quienes adem\u00e1s de presentar al t Reflejo Gaucho, presentaron a &#8220;Alma y Luna&#8221;, Sue\u00f1o Varillense&#8221;, Ra\u00fal y Gerardo Plat\u00e9, y j\u00f3venes figuras del folkclore consagrados en las Pe\u00f1as Villamarienses. Compartimos una galer\u00eda de im\u00e1genes:<\/p>\n\n\n\n<figure class=\"wp-block-image size-large\"><img decoding=\"async\" src=\"https:\/\/i.ibb.co\/pzYsZ7j\/Whats-App-Image-2021-03-16-at-12-53-01.jpg\" alt=\"\"\/><\/figure>\n\n\n\n<figure class=\"wp-block-image size-large\"><img decoding=\"async\" src=\"https:\/\/i.ibb.co\/GprcpBZ\/Whats-App-Image-2021-03-16-at-12-51-51-4.jpg\" alt=\"\"\/><\/figure>\n\n\n\n<figure class=\"wp-block-image size-large\"><img decoding=\"async\" src=\"https:\/\/i.ibb.co\/dJpdTts\/Whats-App-Image-2021-03-16-at-11-46-16.jpg\" alt=\"\"\/><\/figure>\n\n\n\n<figure class=\"wp-block-image size-large is-resized\"><img loading=\"lazy\" decoding=\"async\" src=\"https:\/\/i.ibb.co\/fDtbP2s\/Whats-App-Image-2021-03-16-at-12-41-44-1.jpg\" alt=\"\" width=\"651\" height=\"488\"\/><\/figure>\n\n\n\n<figure class=\"wp-block-image size-large\"><img decoding=\"async\" src=\"https:\/\/i.ibb.co\/FD3xhht\/Whats-App-Image-2021-03-16-at-12-51-51-3.jpg\" alt=\"\"\/><\/figure>\n\n\n\n<figure class=\"wp-block-image size-large is-resized\"><img loading=\"lazy\" decoding=\"async\" src=\"https:\/\/i.ibb.co\/wMf2hzK\/Whats-App-Image-2021-03-16-at-12-51-51-4.jpg\" alt=\"\" width=\"703\" height=\"527\"\/><\/figure>\n\n\n\n<figure class=\"wp-block-image size-large is-resized\"><img loading=\"lazy\" decoding=\"async\" src=\"https:\/\/i.ibb.co\/MDFpqc0\/Whats-App-Image-2021-03-16-at-12-51-51.jpg\" alt=\"\" width=\"716\" height=\"537\"\/><\/figure>\n\n\n\n<figure class=\"wp-block-image size-large is-resized\"><img loading=\"lazy\" decoding=\"async\" src=\"https:\/\/i.ibb.co\/yNvtr6v\/Whats-App-Image-2021-03-16-at-13-34-04.jpg\" alt=\"\" width=\"659\" height=\"1000\"\/><\/figure>\n\n\n\n<figure class=\"wp-block-image size-large is-resized\"><img loading=\"lazy\" decoding=\"async\" src=\"https:\/\/i.ibb.co\/F8G4tcC\/Whats-App-Image-2021-03-16-at-12-51-51-1.jpg\" alt=\"\" width=\"700\" height=\"525\"\/><\/figure>\n\n\n\n<figure class=\"wp-block-image size-large is-resized\"><img loading=\"lazy\" decoding=\"async\" src=\"https:\/\/i.ibb.co\/y5vv3Cw\/Whats-App-Image-2021-03-16-at-12-51-51-3.jpg\" alt=\"\" width=\"739\" height=\"554\"\/><\/figure>\n","protected":false},"excerpt":{"rendered":"<p>Dicha Pe\u00f1a se efectu\u00f3 en el predio de La Agrupaci\u00f3n Medardo Alvarez Luque, el la conducci\u00f3n Horacio &#8220;Lacho&#8221; Marshall y Juan Martin Lazuri, quienes adem\u00e1s de presentar al t Reflejo&hellip; <\/p>\n","protected":false},"author":2,"featured_media":9145,"comment_status":"open","ping_status":"open","sticky":false,"template":"","format":"standard","meta":{"footnotes":""},"categories":[1],"tags":[],"class_list":["post-9138","post","type-post","status-publish","format-standard","has-post-thumbnail","hentry","category-culturales"],"views":460,"_links":{"self":[{"href":"https:\/\/fmalicia.com.ar\/index.php?rest_route=\/wp\/v2\/posts\/9138","targetHints":{"allow":["GET"]}}],"collection":[{"href":"https:\/\/fmalicia.com.ar\/index.php?rest_route=\/wp\/v2\/posts"}],"about":[{"href":"https:\/\/fmalicia.com.ar\/index.php?rest_route=\/wp\/v2\/types\/post"}],"author":[{"embeddable":true,"href":"https:\/\/fmalicia.com.ar\/index.php?rest_route=\/wp\/v2\/users\/2"}],"replies":[{"embeddable":true,"href":"https:\/\/fmalicia.com.ar\/index.php?rest_route=%2Fwp%2Fv2%2Fcomments&post=9138"}],"version-history":[{"count":3,"href":"https:\/\/fmalicia.com.ar\/index.php?rest_route=\/wp\/v2\/posts\/9138\/revisions"}],"predecessor-version":[{"id":9144,"href":"https:\/\/fmalicia.com.ar\/index.php?rest_route=\/wp\/v2\/posts\/9138\/revisions\/9144"}],"wp:featuredmedia":[{"embeddable":true,"href":"https:\/\/fmalicia.com.ar\/index.php?rest_route=\/wp\/v2\/media\/9145"}],"wp:attachment":[{"href":"https:\/\/fmalicia.com.ar\/index.php?rest_route=%2Fwp%2Fv2%2Fmedia&parent=9138"}],"wp:term":[{"taxonomy":"category","embeddable":true,"href":"https:\/\/fmalicia.com.ar\/index.php?rest_route=%2Fwp%2Fv2%2Fcategories&post=9138"},{"taxonomy":"post_tag","embeddable":true,"href":"https:\/\/fmalicia.com.ar\/index.php?rest_route=%2Fwp%2Fv2%2Ftags&post=9138"}],"curies":[{"name":"wp","href":"https:\/\/api.w.org\/{rel}","templated":true}]}}