{"id":9133,"date":"2021-03-18T10:16:02","date_gmt":"2021-03-18T13:16:02","guid":{"rendered":"https:\/\/fmalicia.com.ar\/?p=9133"},"modified":"2021-03-18T12:15:12","modified_gmt":"2021-03-18T15:15:12","slug":"el-director-moroco-colman-cuenta-todo-lo-que-queres-saber-dela-noche-mas-larga","status":"publish","type":"post","link":"https:\/\/fmalicia.com.ar\/?p=9133","title":{"rendered":"El Director Moroco Colman cuenta todo lo que quer\u00e9s saber de&#8221;La noche m\u00e1s larga&#8221;!"},"content":{"rendered":"\n<p>Estuvimos en una larga charla telef\u00f3nica con el director de esta pel\u00edcula que ser\u00e1 presentada este s\u00e1bado en la ciudad de Las Varillas en el Cine Teatro  Col\u00f3n a trav\u00e9s de la Direcci\u00f3n de Cultura de la Municipalidad de Las Varillas  y esto nos contaba:<\/p>\n\n\n\n<div><iframe loading=\"lazy\" width=\"300\" height=\"60\" src=\"https:\/\/vocaroo.com\/embed\/1jQtwcsQQgAe?autoplay=0\" frameborder=\"0\" allow=\"autoplay\"><\/iframe><br><a href=\"https:\/\/voca.ro\/1jQtwcsQQgAe\" title=\"Grabadora de voz Vocaroo\" target=\"_blank\" rel=\"noopener noreferrer\">Ver en Vocaroo &gt;&gt;<\/a><\/div>\n\n\n\n<figure class=\"wp-block-image size-large is-resized\"><img loading=\"lazy\" decoding=\"async\" src=\"https:\/\/i.ibb.co\/xSvQYF3\/moroco.jpg\" alt=\"\" width=\"665\" height=\"364\"\/><\/figure>\n","protected":false},"excerpt":{"rendered":"<p>Estuvimos en una larga charla telef\u00f3nica con el director de esta pel\u00edcula que ser\u00e1 presentada este s\u00e1bado en la ciudad de Las Varillas en el Cine Teatro Col\u00f3n a trav\u00e9s&hellip; <\/p>\n","protected":false},"author":2,"featured_media":9136,"comment_status":"open","ping_status":"open","sticky":false,"template":"","format":"standard","meta":{"footnotes":""},"categories":[1,17,5,2],"tags":[],"class_list":["post-9133","post","type-post","status-publish","format-standard","has-post-thumbnail","hentry","category-culturales","category-destacadas","category-regionales","category-sociedad"],"views":426,"_links":{"self":[{"href":"https:\/\/fmalicia.com.ar\/index.php?rest_route=\/wp\/v2\/posts\/9133","targetHints":{"allow":["GET"]}}],"collection":[{"href":"https:\/\/fmalicia.com.ar\/index.php?rest_route=\/wp\/v2\/posts"}],"about":[{"href":"https:\/\/fmalicia.com.ar\/index.php?rest_route=\/wp\/v2\/types\/post"}],"author":[{"embeddable":true,"href":"https:\/\/fmalicia.com.ar\/index.php?rest_route=\/wp\/v2\/users\/2"}],"replies":[{"embeddable":true,"href":"https:\/\/fmalicia.com.ar\/index.php?rest_route=%2Fwp%2Fv2%2Fcomments&post=9133"}],"version-history":[{"count":3,"href":"https:\/\/fmalicia.com.ar\/index.php?rest_route=\/wp\/v2\/posts\/9133\/revisions"}],"predecessor-version":[{"id":9137,"href":"https:\/\/fmalicia.com.ar\/index.php?rest_route=\/wp\/v2\/posts\/9133\/revisions\/9137"}],"wp:featuredmedia":[{"embeddable":true,"href":"https:\/\/fmalicia.com.ar\/index.php?rest_route=\/wp\/v2\/media\/9136"}],"wp:attachment":[{"href":"https:\/\/fmalicia.com.ar\/index.php?rest_route=%2Fwp%2Fv2%2Fmedia&parent=9133"}],"wp:term":[{"taxonomy":"category","embeddable":true,"href":"https:\/\/fmalicia.com.ar\/index.php?rest_route=%2Fwp%2Fv2%2Fcategories&post=9133"},{"taxonomy":"post_tag","embeddable":true,"href":"https:\/\/fmalicia.com.ar\/index.php?rest_route=%2Fwp%2Fv2%2Ftags&post=9133"}],"curies":[{"name":"wp","href":"https:\/\/api.w.org\/{rel}","templated":true}]}}