{"id":9130,"date":"2021-03-16T10:08:28","date_gmt":"2021-03-16T13:08:28","guid":{"rendered":"https:\/\/fmalicia.com.ar\/?p=9130"},"modified":"2021-03-16T10:08:30","modified_gmt":"2021-03-16T13:08:30","slug":"las-varillas-se-detuvo-un-joven-con-pedido-de-captura","status":"publish","type":"post","link":"https:\/\/fmalicia.com.ar\/?p=9130","title":{"rendered":"LAS VARILLAS SE DETUVO UN JOVEN CON PEDIDO DE CAPTURA"},"content":{"rendered":"\n<p>En la siesta del lunes se present\u00f3 en sede policial un hombre de 25 a\u00f1os, sobre el cual habia vigente un pedido de captura desde hace dos d\u00edas por un hecho de amenazas y desobediencia a la autoridad en reiteradas ocasiones. Por lo que quedo alojado a disposici\u00f3n de Fiscal\u00eda de Instrucci\u00f3n de las Varillas.<\/p>\n\n\n\n<p>LAS VARILLAS SE INVESTIGA HURTO DE BICICLETA<br>Personal de investigaciones se encuentra trabajando en la investigaci\u00f3n de un hecho denunciado en la tarde del lunes por un joven, que denunci\u00f3 que autores ignorados le sustrajeron un bicicleta venzo rodado 29 que se encontraba sobre la vereda en calle Malvinas y Dean Funes.<\/p>\n\n\n\n<figure class=\"wp-block-image size-large\"><img decoding=\"async\" src=\"https:\/\/i.ibb.co\/fr42j3W\/Whats-App-Image-2020-12-01-at-11-58-20.jpg\" alt=\"\"\/><\/figure>\n\n\n\n<p>FUENTE COMISARIA LAS VARILLAS<\/p>\n","protected":false},"excerpt":{"rendered":"<p>En la siesta del lunes se present\u00f3 en sede policial un hombre de 25 a\u00f1os, sobre el cual habia vigente un pedido de captura desde hace dos d\u00edas por un&hellip; <\/p>\n","protected":false},"author":2,"featured_media":9132,"comment_status":"open","ping_status":"open","sticky":false,"template":"","format":"standard","meta":{"footnotes":""},"categories":[3],"tags":[],"class_list":["post-9130","post","type-post","status-publish","format-standard","has-post-thumbnail","hentry","category-policiales"],"views":253,"_links":{"self":[{"href":"https:\/\/fmalicia.com.ar\/index.php?rest_route=\/wp\/v2\/posts\/9130","targetHints":{"allow":["GET"]}}],"collection":[{"href":"https:\/\/fmalicia.com.ar\/index.php?rest_route=\/wp\/v2\/posts"}],"about":[{"href":"https:\/\/fmalicia.com.ar\/index.php?rest_route=\/wp\/v2\/types\/post"}],"author":[{"embeddable":true,"href":"https:\/\/fmalicia.com.ar\/index.php?rest_route=\/wp\/v2\/users\/2"}],"replies":[{"embeddable":true,"href":"https:\/\/fmalicia.com.ar\/index.php?rest_route=%2Fwp%2Fv2%2Fcomments&post=9130"}],"version-history":[{"count":1,"href":"https:\/\/fmalicia.com.ar\/index.php?rest_route=\/wp\/v2\/posts\/9130\/revisions"}],"predecessor-version":[{"id":9131,"href":"https:\/\/fmalicia.com.ar\/index.php?rest_route=\/wp\/v2\/posts\/9130\/revisions\/9131"}],"wp:featuredmedia":[{"embeddable":true,"href":"https:\/\/fmalicia.com.ar\/index.php?rest_route=\/wp\/v2\/media\/9132"}],"wp:attachment":[{"href":"https:\/\/fmalicia.com.ar\/index.php?rest_route=%2Fwp%2Fv2%2Fmedia&parent=9130"}],"wp:term":[{"taxonomy":"category","embeddable":true,"href":"https:\/\/fmalicia.com.ar\/index.php?rest_route=%2Fwp%2Fv2%2Fcategories&post=9130"},{"taxonomy":"post_tag","embeddable":true,"href":"https:\/\/fmalicia.com.ar\/index.php?rest_route=%2Fwp%2Fv2%2Ftags&post=9130"}],"curies":[{"name":"wp","href":"https:\/\/api.w.org\/{rel}","templated":true}]}}