{"id":9113,"date":"2021-03-15T22:41:07","date_gmt":"2021-03-16T01:41:07","guid":{"rendered":"https:\/\/fmalicia.com.ar\/?p=9113"},"modified":"2021-03-15T22:41:10","modified_gmt":"2021-03-16T01:41:10","slug":"inscripciones-abiertas-para-sala-cuna-el-duendecillo-travieso","status":"publish","type":"post","link":"https:\/\/fmalicia.com.ar\/?p=9113","title":{"rendered":"Inscripciones abiertas para Sala Cuna \u201cEl Duendecillo Travieso\u201d"},"content":{"rendered":"\n<p>La Municipalidad de Alicia informa que est\u00e1n abiertas las Inscripciones para Sala Cuna \u201cEl Duendecillo Travieso\u201d para infantes desde los 45 d\u00edas y hasta los 3 a\u00f1os.Tenga presente que las Inscripciones se realizan \u00daNICAMENTE por tel\u00e9fono.Recuerde tener preparada la siguiente documentaci\u00f3n para cuando le sea solicitada:- Fotocopia de DNI de todo el grupo familiar conviviente;-Carnet de vacunaci\u00f3n del ni\u00f1o\/a a inscribir.-<\/p>\n\n\n\n<figure class=\"wp-block-image size-large\"><img decoding=\"async\" src=\"https:\/\/i.ibb.co\/5jD3dRW\/sala-cuna.png\" alt=\"\"\/><\/figure>\n","protected":false},"excerpt":{"rendered":"<p>La Municipalidad de Alicia informa que est\u00e1n abiertas las Inscripciones para Sala Cuna \u201cEl Duendecillo Travieso\u201d para infantes desde los 45 d\u00edas y hasta los 3 a\u00f1os.Tenga presente que las&hellip; <\/p>\n","protected":false},"author":2,"featured_media":9115,"comment_status":"open","ping_status":"open","sticky":false,"template":"","format":"standard","meta":{"footnotes":""},"categories":[4,2],"tags":[],"class_list":["post-9113","post","type-post","status-publish","format-standard","has-post-thumbnail","hentry","category-locales","category-sociedad"],"views":300,"_links":{"self":[{"href":"https:\/\/fmalicia.com.ar\/index.php?rest_route=\/wp\/v2\/posts\/9113","targetHints":{"allow":["GET"]}}],"collection":[{"href":"https:\/\/fmalicia.com.ar\/index.php?rest_route=\/wp\/v2\/posts"}],"about":[{"href":"https:\/\/fmalicia.com.ar\/index.php?rest_route=\/wp\/v2\/types\/post"}],"author":[{"embeddable":true,"href":"https:\/\/fmalicia.com.ar\/index.php?rest_route=\/wp\/v2\/users\/2"}],"replies":[{"embeddable":true,"href":"https:\/\/fmalicia.com.ar\/index.php?rest_route=%2Fwp%2Fv2%2Fcomments&post=9113"}],"version-history":[{"count":1,"href":"https:\/\/fmalicia.com.ar\/index.php?rest_route=\/wp\/v2\/posts\/9113\/revisions"}],"predecessor-version":[{"id":9114,"href":"https:\/\/fmalicia.com.ar\/index.php?rest_route=\/wp\/v2\/posts\/9113\/revisions\/9114"}],"wp:featuredmedia":[{"embeddable":true,"href":"https:\/\/fmalicia.com.ar\/index.php?rest_route=\/wp\/v2\/media\/9115"}],"wp:attachment":[{"href":"https:\/\/fmalicia.com.ar\/index.php?rest_route=%2Fwp%2Fv2%2Fmedia&parent=9113"}],"wp:term":[{"taxonomy":"category","embeddable":true,"href":"https:\/\/fmalicia.com.ar\/index.php?rest_route=%2Fwp%2Fv2%2Fcategories&post=9113"},{"taxonomy":"post_tag","embeddable":true,"href":"https:\/\/fmalicia.com.ar\/index.php?rest_route=%2Fwp%2Fv2%2Ftags&post=9113"}],"curies":[{"name":"wp","href":"https:\/\/api.w.org\/{rel}","templated":true}]}}