{"id":9098,"date":"2021-03-15T14:51:38","date_gmt":"2021-03-15T17:51:38","guid":{"rendered":"https:\/\/fmalicia.com.ar\/?p=9098"},"modified":"2021-03-15T14:51:42","modified_gmt":"2021-03-15T17:51:42","slug":"san-francisco-inauguran-obra-con-presencia-del-vicegobernador-calvo-y-participacion-del-presidente-alberto-fernandez","status":"publish","type":"post","link":"https:\/\/fmalicia.com.ar\/?p=9098","title":{"rendered":"San Francisco: Inauguran obra con presencia del Vicegobernador Calvo y participaci\u00f3n del Presidente Alberto Fern\u00e1ndez"},"content":{"rendered":"\n<p>Este lunes qued\u00f3 inaugurada la obra de mejoramiento y ampliaci\u00f3n del sistema cloacal en la ciudad de San Francisco, que comprendi\u00f3 la ejecuci\u00f3n del Colector sur y la Cloaca m\u00e1xima, as\u00ed como el reacondicionamiento de Planta Depuradora, con una inversi\u00f3n que ascendi\u00f3 a 28,2 millones de d\u00f3lares, seg\u00fan se inform\u00f3 desde el Gobierno provincial.<\/p>\n\n\n\n<p>Fue mediante un acto en el que se cont\u00f3 con la presencia del Secretario de Obras P\u00fablicas de la Naci\u00f3n, Mart\u00edn Gill, y del vicegobernador de C\u00f3rdoba Manuel Calvo, quien dec\u00eda: <\/p>\n\n\n\n<div><iframe loading=\"lazy\" width=\"300\" height=\"60\" src=\"https:\/\/vocaroo.com\/embed\/1eruj8FLGpYf?autoplay=0\" frameborder=\"0\" allow=\"autoplay\"><\/iframe><br><a href=\"https:\/\/voca.ro\/1eruj8FLGpYf\" title=\"Grabadora de voz Vocaroo\" target=\"_blank\" rel=\"noopener noreferrer\">Ver en Vocaroo &gt;&gt;<\/a><\/div>\n\n\n\n<p>Pero adem\u00e1s, por teleconferencia, seguir\u00e1n la inauguraci\u00f3n el gobernador\u00a0<strong>Juan Schiaretti<\/strong>\u00a0y el presidente\u00a0<strong>Alberto Fern\u00e1ndez<\/strong>, quien adem\u00e1s anunci\u00f3 las primeras mil obras p\u00fablicas en todo el pa\u00eds: <\/p>\n\n\n\n<figure class=\"wp-block-embed-youtube wp-block-embed is-type-video is-provider-youtube wp-embed-aspect-16-9 wp-has-aspect-ratio\"><div class=\"wp-block-embed__wrapper\">\n<iframe loading=\"lazy\" title=\"El presidente Alberto Fern\u00e1ndez present\u00f3 las primeras mil obras p\u00fablicas en todo el pa\u00eds\" width=\"1110\" height=\"624\" src=\"https:\/\/www.youtube.com\/embed\/lC0qAWRZlZc?feature=oembed\" frameborder=\"0\" allow=\"accelerometer; autoplay; clipboard-write; encrypted-media; gyroscope; picture-in-picture\" allowfullscreen><\/iframe>\n<\/div><\/figure>\n\n\n\n<p>La obra de San Francisco est\u00e1 enmarcada en lo que fue la presentaci\u00f3n de las primeras 1.000 obras p\u00fablicas que est\u00e1n en ejecuci\u00f3n en toda la Argentina, por eso la participaci\u00f3n del Presidente, quien se comunic\u00f3 v\u00eda zoom desde Almirante Brown, municipio del sur del Gran Buenos Aires, con los distintos intendentes, entre ellos\u00a0<strong>Ignacio Garc\u00eda Aresca<\/strong>.<\/p>\n\n\n\n<p><strong>La obra<\/strong><\/p>\n\n\n\n<p>La obra beneficiar\u00e1 a unos 64.500 habitantes de la ciudad, seg\u00fan inform\u00f3 el Ministerio de Servicios P\u00fablicos de C\u00f3rdoba.<\/p>\n\n\n\n<p>El&nbsp;<strong>Colector sur<\/strong>&nbsp;tiene una extensi\u00f3n 6.200 metros y cinco estaciones de bombeo denominadas: Malvinas, Sabattini, L\u00f3pez y Planes, La Milka y Avellaneda.<\/p>\n\n\n\n<p>La&nbsp;<strong>Cloaca m\u00e1xima<\/strong>&nbsp;tiene 7.900 metros lineales y su recorrido abarca desde la Estaci\u00f3n de Bombeo Malvinas hasta la planta depuradora existente, ubicada en el paraje Monte Redondo.<\/p>\n\n\n\n<p>En tanto, los trabajos de optimizaci\u00f3n de la Planta depuradora consistieron en la limpieza y reacondicionamiento de las seis lagunas existentes, la sala de cloraci\u00f3n y la estaci\u00f3n de bombeo. Adem\u00e1s, se ampli\u00f3 la capacidad de la planta, con ocho lagunas nuevas, cuatro de aireaci\u00f3n y cuatro facultativas, un desarenador, un By Pass y una subestaci\u00f3n el\u00e9ctrica.<\/p>\n\n\n\n<p>Esta planta funciona desde mediados de 1980 y hab\u00eda llegado al l\u00edmite de su capacidad de tratamiento y conducci\u00f3n de efluentes generados en el \u00e1mbito de la ciudad hasta las lagunas de estabilizaci\u00f3n. El reacondicionamiento ejecutado permite que recupere la operatividad plena.<\/p>\n\n\n\n<figure class=\"wp-block-image size-large\"><img decoding=\"async\" src=\"https:\/\/i.ibb.co\/Lxvbw1z\/Obras-planta-depuradora.jpg\" alt=\"\"\/><\/figure>\n","protected":false},"excerpt":{"rendered":"<p>Este lunes qued\u00f3 inaugurada la obra de mejoramiento y ampliaci\u00f3n del sistema cloacal en la ciudad de San Francisco, que comprendi\u00f3 la ejecuci\u00f3n del Colector sur y la Cloaca m\u00e1xima,&hellip; <\/p>\n","protected":false},"author":3,"featured_media":9100,"comment_status":"open","ping_status":"open","sticky":false,"template":"","format":"standard","meta":{"footnotes":""},"categories":[5],"tags":[],"class_list":["post-9098","post","type-post","status-publish","format-standard","has-post-thumbnail","hentry","category-regionales"],"views":290,"_links":{"self":[{"href":"https:\/\/fmalicia.com.ar\/index.php?rest_route=\/wp\/v2\/posts\/9098","targetHints":{"allow":["GET"]}}],"collection":[{"href":"https:\/\/fmalicia.com.ar\/index.php?rest_route=\/wp\/v2\/posts"}],"about":[{"href":"https:\/\/fmalicia.com.ar\/index.php?rest_route=\/wp\/v2\/types\/post"}],"author":[{"embeddable":true,"href":"https:\/\/fmalicia.com.ar\/index.php?rest_route=\/wp\/v2\/users\/3"}],"replies":[{"embeddable":true,"href":"https:\/\/fmalicia.com.ar\/index.php?rest_route=%2Fwp%2Fv2%2Fcomments&post=9098"}],"version-history":[{"count":1,"href":"https:\/\/fmalicia.com.ar\/index.php?rest_route=\/wp\/v2\/posts\/9098\/revisions"}],"predecessor-version":[{"id":9099,"href":"https:\/\/fmalicia.com.ar\/index.php?rest_route=\/wp\/v2\/posts\/9098\/revisions\/9099"}],"wp:featuredmedia":[{"embeddable":true,"href":"https:\/\/fmalicia.com.ar\/index.php?rest_route=\/wp\/v2\/media\/9100"}],"wp:attachment":[{"href":"https:\/\/fmalicia.com.ar\/index.php?rest_route=%2Fwp%2Fv2%2Fmedia&parent=9098"}],"wp:term":[{"taxonomy":"category","embeddable":true,"href":"https:\/\/fmalicia.com.ar\/index.php?rest_route=%2Fwp%2Fv2%2Fcategories&post=9098"},{"taxonomy":"post_tag","embeddable":true,"href":"https:\/\/fmalicia.com.ar\/index.php?rest_route=%2Fwp%2Fv2%2Ftags&post=9098"}],"curies":[{"name":"wp","href":"https:\/\/api.w.org\/{rel}","templated":true}]}}