{"id":9095,"date":"2021-03-15T13:34:06","date_gmt":"2021-03-15T16:34:06","guid":{"rendered":"https:\/\/fmalicia.com.ar\/?p=9095"},"modified":"2021-03-15T13:34:08","modified_gmt":"2021-03-15T16:34:08","slug":"curso-de-capacitacion-de-huerta-agroecologica-familiar","status":"publish","type":"post","link":"https:\/\/fmalicia.com.ar\/?p=9095","title":{"rendered":"Curso de Capacitaci\u00f3n de HUERTA AGROECOL\u00d3GICA FAMILIAR"},"content":{"rendered":"\n<p>Sr. Vecino\/a: el \u00c1rea de Bromatolog\u00eda y Medio Ambiente, y en el marco del Programa FOMENTANDO HUERTAS AGROECOL\u00d3GICAS, los\/as invita a realizar el Curso de Capacitaci\u00f3n de HUERTA AGROECOL\u00d3GICA FAMILIAR, dictado por Soledad G\u00f3mez, t\u00e9cnica del \u00c1rea Ambiental de la Secretar\u00eda de Ambiente de C\u00f3rdoba. El mismo consta de 2 encuentros virtuales, a realizarse el Martes 16 y Jueves 18 de Marzo, de 15 a 16:30 hs., por plataforma Meet, con entrega de Certificado y 1 kit de semillas de estaci\u00f3n por familia.<br>Por consultas comunicarse al 3533 447712 o bien dirigirse a la Oficina de Bromatolog\u00eda.<br>Ponemos a disposici\u00f3n los links de ingreso:<br>LINK DE ACCESO 1\u00b0 ENCUENTRO: https:\/\/meet.google.com\/rxa-kwgz-vpi<br>LINK DE ACCESO 2\u00b0 ENCUENTRO: https:\/\/meet.google.com\/wrh-ziuq-shc<\/p>\n\n\n\n<figure class=\"wp-block-image size-large is-resized\"><img loading=\"lazy\" decoding=\"async\" src=\"https:\/\/i.ibb.co\/cYGygrs\/Whats-App-Image-2021-03-15-at-13-29-27.jpg\" alt=\"\" width=\"686\" height=\"685\"\/><\/figure>\n","protected":false},"excerpt":{"rendered":"<p>Sr. Vecino\/a: el \u00c1rea de Bromatolog\u00eda y Medio Ambiente, y en el marco del Programa FOMENTANDO HUERTAS AGROECOL\u00d3GICAS, los\/as invita a realizar el Curso de Capacitaci\u00f3n de HUERTA AGROECOL\u00d3GICA FAMILIAR,&hellip; <\/p>\n","protected":false},"author":2,"featured_media":9097,"comment_status":"open","ping_status":"open","sticky":false,"template":"","format":"standard","meta":{"footnotes":""},"categories":[1,4,2],"tags":[],"class_list":["post-9095","post","type-post","status-publish","format-standard","has-post-thumbnail","hentry","category-culturales","category-locales","category-sociedad"],"views":263,"_links":{"self":[{"href":"https:\/\/fmalicia.com.ar\/index.php?rest_route=\/wp\/v2\/posts\/9095","targetHints":{"allow":["GET"]}}],"collection":[{"href":"https:\/\/fmalicia.com.ar\/index.php?rest_route=\/wp\/v2\/posts"}],"about":[{"href":"https:\/\/fmalicia.com.ar\/index.php?rest_route=\/wp\/v2\/types\/post"}],"author":[{"embeddable":true,"href":"https:\/\/fmalicia.com.ar\/index.php?rest_route=\/wp\/v2\/users\/2"}],"replies":[{"embeddable":true,"href":"https:\/\/fmalicia.com.ar\/index.php?rest_route=%2Fwp%2Fv2%2Fcomments&post=9095"}],"version-history":[{"count":1,"href":"https:\/\/fmalicia.com.ar\/index.php?rest_route=\/wp\/v2\/posts\/9095\/revisions"}],"predecessor-version":[{"id":9096,"href":"https:\/\/fmalicia.com.ar\/index.php?rest_route=\/wp\/v2\/posts\/9095\/revisions\/9096"}],"wp:featuredmedia":[{"embeddable":true,"href":"https:\/\/fmalicia.com.ar\/index.php?rest_route=\/wp\/v2\/media\/9097"}],"wp:attachment":[{"href":"https:\/\/fmalicia.com.ar\/index.php?rest_route=%2Fwp%2Fv2%2Fmedia&parent=9095"}],"wp:term":[{"taxonomy":"category","embeddable":true,"href":"https:\/\/fmalicia.com.ar\/index.php?rest_route=%2Fwp%2Fv2%2Fcategories&post=9095"},{"taxonomy":"post_tag","embeddable":true,"href":"https:\/\/fmalicia.com.ar\/index.php?rest_route=%2Fwp%2Fv2%2Ftags&post=9095"}],"curies":[{"name":"wp","href":"https:\/\/api.w.org\/{rel}","templated":true}]}}