{"id":9084,"date":"2021-03-15T13:19:45","date_gmt":"2021-03-15T16:19:45","guid":{"rendered":"https:\/\/fmalicia.com.ar\/?p=9084"},"modified":"2021-03-15T13:19:47","modified_gmt":"2021-03-15T16:19:47","slug":"llega-a-las-varillas-la-pelicula-la-noche-mas-larga","status":"publish","type":"post","link":"https:\/\/fmalicia.com.ar\/?p=9084","title":{"rendered":"Llega a Las Varillas la pel\u00edcula &#8220;La noche mas larga!&#8221;"},"content":{"rendered":"\n<p>Este pr\u00f3ximo s\u00e1bado llega la pel\u00edcula &#8220;La noche m\u00e1s larga&#8221;&#8230; Las Varillas retoma el cine! Entradas en venta en La casa de la Cultura. Tambi\u00e9n pod\u00e9s llamar al 3533-421211 &#8211; Las entradas no son numeradas y cuestan $300.-Recordamos que trabaja en dicha pel\u00edcula Romina Arietti a quien tiempo atr\u00e1s le hicimos una nota que hoy recordamos:<\/p>\n\n\n\n<figure class=\"wp-block-embed-youtube wp-block-embed is-type-video is-provider-youtube wp-embed-aspect-16-9 wp-has-aspect-ratio\"><div class=\"wp-block-embed__wrapper\">\n<iframe loading=\"lazy\" title=\"La noche mas larga en Las Varillas!\" width=\"1110\" height=\"624\" src=\"https:\/\/www.youtube.com\/embed\/KaIK6Std1DM?feature=oembed\" frameborder=\"0\" allow=\"accelerometer; autoplay; clipboard-write; encrypted-media; gyroscope; picture-in-picture\" allowfullscreen><\/iframe>\n<\/div><\/figure>\n\n\n\n<figure class=\"wp-block-embed-youtube wp-block-embed is-type-video is-provider-youtube wp-embed-aspect-16-9 wp-has-aspect-ratio\"><div class=\"wp-block-embed__wrapper\">\n<iframe loading=\"lazy\" title=\"Entrevista a Romina Arietti. Elenco de &quot;La noche m\u00e1s larga&quot;\" width=\"1110\" height=\"624\" src=\"https:\/\/www.youtube.com\/embed\/2sks0NyU0C8?feature=oembed\" frameborder=\"0\" allow=\"accelerometer; autoplay; clipboard-write; encrypted-media; gyroscope; picture-in-picture\" allowfullscreen><\/iframe>\n<\/div><\/figure>\n","protected":false},"excerpt":{"rendered":"<p>Este pr\u00f3ximo s\u00e1bado llega la pel\u00edcula &#8220;La noche m\u00e1s larga&#8221;&#8230; Las Varillas retoma el cine! Entradas en venta en La casa de la Cultura. Tambi\u00e9n pod\u00e9s llamar al 3533-421211 &#8211;&hellip; <\/p>\n","protected":false},"author":2,"featured_media":9088,"comment_status":"open","ping_status":"open","sticky":false,"template":"","format":"standard","meta":{"footnotes":""},"categories":[1,17,5,2],"tags":[],"class_list":["post-9084","post","type-post","status-publish","format-standard","has-post-thumbnail","hentry","category-culturales","category-destacadas","category-regionales","category-sociedad"],"views":261,"_links":{"self":[{"href":"https:\/\/fmalicia.com.ar\/index.php?rest_route=\/wp\/v2\/posts\/9084","targetHints":{"allow":["GET"]}}],"collection":[{"href":"https:\/\/fmalicia.com.ar\/index.php?rest_route=\/wp\/v2\/posts"}],"about":[{"href":"https:\/\/fmalicia.com.ar\/index.php?rest_route=\/wp\/v2\/types\/post"}],"author":[{"embeddable":true,"href":"https:\/\/fmalicia.com.ar\/index.php?rest_route=\/wp\/v2\/users\/2"}],"replies":[{"embeddable":true,"href":"https:\/\/fmalicia.com.ar\/index.php?rest_route=%2Fwp%2Fv2%2Fcomments&post=9084"}],"version-history":[{"count":2,"href":"https:\/\/fmalicia.com.ar\/index.php?rest_route=\/wp\/v2\/posts\/9084\/revisions"}],"predecessor-version":[{"id":9087,"href":"https:\/\/fmalicia.com.ar\/index.php?rest_route=\/wp\/v2\/posts\/9084\/revisions\/9087"}],"wp:featuredmedia":[{"embeddable":true,"href":"https:\/\/fmalicia.com.ar\/index.php?rest_route=\/wp\/v2\/media\/9088"}],"wp:attachment":[{"href":"https:\/\/fmalicia.com.ar\/index.php?rest_route=%2Fwp%2Fv2%2Fmedia&parent=9084"}],"wp:term":[{"taxonomy":"category","embeddable":true,"href":"https:\/\/fmalicia.com.ar\/index.php?rest_route=%2Fwp%2Fv2%2Fcategories&post=9084"},{"taxonomy":"post_tag","embeddable":true,"href":"https:\/\/fmalicia.com.ar\/index.php?rest_route=%2Fwp%2Fv2%2Ftags&post=9084"}],"curies":[{"name":"wp","href":"https:\/\/api.w.org\/{rel}","templated":true}]}}