{"id":9076,"date":"2021-03-15T10:17:28","date_gmt":"2021-03-15T13:17:28","guid":{"rendered":"https:\/\/fmalicia.com.ar\/?p=9076"},"modified":"2021-03-15T10:17:31","modified_gmt":"2021-03-15T13:17:31","slug":"s-m-laspiur-productores-rurales-denunciaron-a-un-empleado-por-constantes-agresiones-verbales-y-fisicas-hacia-su-esposa-e-hija-de-3-anos","status":"publish","type":"post","link":"https:\/\/fmalicia.com.ar\/?p=9076","title":{"rendered":"S.M.LASPIUR: PRODUCTORES RURALES DENUNCIARON A UN EMPLEADO POR CONSTANTES AGRESIONES VERBALES Y F\u00cdSICAS HACIA SU ESPOSA E HIJA DE 3 A\u00d1OS"},"content":{"rendered":"\n<p>El pasado 7 de Marzo fue presentada en la Subcomisaria de S.M.Laspiur una denuncia hacia un hombre de 46 a\u00f1os por agredir a su esposa de 17 a\u00f1os y a su peque\u00f1a hija.La presentaci\u00f3n policial fue radicada por una femenina local,quien trabaja junto a su esposo en un campo ubicado a 5 km al sureste de la localidad.Seg\u00fan la denuncia,el matrimonio de productores hab\u00eda contratado en los \u00faltimos d\u00edas de enero de este a\u00f1o a un masculino de 46 a\u00f1os para que se desempe\u00f1ara en el establecimiento rural.Junto a \u00e9l llegaron su mujer y la ni\u00f1a.Con el correr de los d\u00edas comenzaron a notar reiterados agravios verbales y f\u00edsicos del hombre hacia las integrantes de su familia.La denunciante le pidi\u00f3 que cesar\u00e1 su actitud violenta,pero al notar que esa conducta no cambi\u00f3, decidi\u00f3 dar aviso a las autoridades policiales.Al tomar conocimiento de la denuncia presentada,el hombre de 46 a\u00f1os abandon\u00f3 el campo junto a su pareja e hija,sin que se conozca el rumbo que tomaron.Interviene la Fiscal\u00eda de Primer Turno de San Francisco.<\/p>\n\n\n\n<figure class=\"wp-block-image size-large\"><img decoding=\"async\" src=\"https:\/\/scontent.fcor3-1.fna.fbcdn.net\/v\/t1.0-9\/p843x403\/160560838_2125176854288558_7387260046279389565_n.jpg?_nc_cat=106&amp;ccb=1-3&amp;_nc_sid=8bfeb9&amp;_nc_eui2=AeGd3epN5lmnRdeAjpB7rspPhWxJTzctqxuFbElPNy2rG6t_zdIoHkS0SMEiK8tUAA0&amp;_nc_ohc=19kqknMbLPsAX8AUXqe&amp;_nc_ht=scontent.fcor3-1.fna&amp;tp=6&amp;oh=c6a827a8ffd969e799cf38230217ee26&amp;oe=6075F217\" alt=\"\"\/><\/figure>\n\n\n\n<p>Fuente: Radio Centenario-Laspiur<\/p>\n","protected":false},"excerpt":{"rendered":"<p>El pasado 7 de Marzo fue presentada en la Subcomisaria de S.M.Laspiur una denuncia hacia un hombre de 46 a\u00f1os por agredir a su esposa de 17 a\u00f1os y a&hellip; <\/p>\n","protected":false},"author":2,"featured_media":9078,"comment_status":"open","ping_status":"open","sticky":false,"template":"","format":"standard","meta":{"footnotes":""},"categories":[3,5],"tags":[],"class_list":["post-9076","post","type-post","status-publish","format-standard","has-post-thumbnail","hentry","category-policiales","category-regionales"],"views":272,"_links":{"self":[{"href":"https:\/\/fmalicia.com.ar\/index.php?rest_route=\/wp\/v2\/posts\/9076","targetHints":{"allow":["GET"]}}],"collection":[{"href":"https:\/\/fmalicia.com.ar\/index.php?rest_route=\/wp\/v2\/posts"}],"about":[{"href":"https:\/\/fmalicia.com.ar\/index.php?rest_route=\/wp\/v2\/types\/post"}],"author":[{"embeddable":true,"href":"https:\/\/fmalicia.com.ar\/index.php?rest_route=\/wp\/v2\/users\/2"}],"replies":[{"embeddable":true,"href":"https:\/\/fmalicia.com.ar\/index.php?rest_route=%2Fwp%2Fv2%2Fcomments&post=9076"}],"version-history":[{"count":1,"href":"https:\/\/fmalicia.com.ar\/index.php?rest_route=\/wp\/v2\/posts\/9076\/revisions"}],"predecessor-version":[{"id":9077,"href":"https:\/\/fmalicia.com.ar\/index.php?rest_route=\/wp\/v2\/posts\/9076\/revisions\/9077"}],"wp:featuredmedia":[{"embeddable":true,"href":"https:\/\/fmalicia.com.ar\/index.php?rest_route=\/wp\/v2\/media\/9078"}],"wp:attachment":[{"href":"https:\/\/fmalicia.com.ar\/index.php?rest_route=%2Fwp%2Fv2%2Fmedia&parent=9076"}],"wp:term":[{"taxonomy":"category","embeddable":true,"href":"https:\/\/fmalicia.com.ar\/index.php?rest_route=%2Fwp%2Fv2%2Fcategories&post=9076"},{"taxonomy":"post_tag","embeddable":true,"href":"https:\/\/fmalicia.com.ar\/index.php?rest_route=%2Fwp%2Fv2%2Ftags&post=9076"}],"curies":[{"name":"wp","href":"https:\/\/api.w.org\/{rel}","templated":true}]}}