{"id":9070,"date":"2021-03-15T10:09:46","date_gmt":"2021-03-15T13:09:46","guid":{"rendered":"https:\/\/fmalicia.com.ar\/?p=9070"},"modified":"2021-03-15T10:09:49","modified_gmt":"2021-03-15T13:09:49","slug":"las-varillasla-escuela-el-amanecer-comenzo-las-clases-con-edificio-renovado-e-interesantes-proyectos","status":"publish","type":"post","link":"https:\/\/fmalicia.com.ar\/?p=9070","title":{"rendered":"Las Varillas:La Escuela El Amanecer comenz\u00f3 las clases con edificio renovado e interesantes proyectos"},"content":{"rendered":"\n<h1 class=\"wp-block-heading\">La Escuela Especial El Amanecer inici\u00f3 el ciclo lectivo con muchas expectativas y con el edificio mejorado luego de un a\u00f1o de trabajos de refacci\u00f3n internos, a\u00fan resta el frente de la instituci\u00f3n que est\u00e1 previsto en breve.<\/h1>\n\n\n\n<p><strong>La directora, Mariana Dalmasso, indic\u00f3 que fue muy movilizante poner en marcha la actividad desde un protocolo por la pandemia, y preparar la escuela para ello, adem\u00e1s de haber recuperado en gran parte la estructura edilicia. En ese marco, se pudieron arreglar los techos para evitar el ingreso de agua, lo mismo con el cantero del frente donde filtraba agua cuando llov\u00eda, tambi\u00e9n pudieron reparar los revoques apolillados y pintar, hacer el saneamiento el\u00e9ctrico, como tambi\u00e9n se realiz\u00f3 un ba\u00f1o para discapacidad motora. \u201cLo que creemos un gran logro\u201d, expres\u00f3.&nbsp;<\/strong><\/p>\n\n\n\n<p><strong>Las obras se fueron llevando a cabo con el FODEMEEP (Fondo Provincial destinado a escuelas), que llega al Municipio y \u00e9ste determina a qu\u00e9 obra se dispone, \u201cpor eso agradecemos esta decisi\u00f3n del Municipio y el apoyo de las dem\u00e1s escuelas para que se haya podido hacer en nuestra escuela, tambi\u00e9n Pauny don\u00f3 la pintura, y muchas otras personas que donaron diferentes elementos, y se compraron algunos muebles\u201d, explic\u00f3.&nbsp;<\/strong><\/p>\n\n\n\n<p><strong>A\u00f1adi\u00f3 que si bien las condiciones econ\u00f3micas son complicadas en todos lados, pero queremos tener una escuela que empiece a tener nuevos procesos pedag\u00f3gicos y nuevos espacios que inviten a quedarse, resignificar los ambientes, por ejemplo que en lugar del dep\u00f3sito sea realmente una direcci\u00f3n y ahora contamos con un espacio de archivo donde est\u00e1 la documentaci\u00f3n administrativa e informaci\u00f3n de muchos a\u00f1os\u2026.\u201d, coment\u00f3.&nbsp;<\/strong><\/p>\n\n\n\n<p><strong>Puntualiz\u00f3 por otro lado, que contin\u00faan reorganiz\u00e1ndose en forma permanente, ya que hay estudiantes que constituyen el grupo de riesgo, cuando cuenten con el certificado m\u00e9dico correspondiente o un aval m\u00e9dico, reci\u00e9n iniciar\u00e1n las clases. El resto lo organizamos en funci\u00f3n de los espacios que tenemos, comenz\u00f3 sexto grado y el primer ciclo del secundario, y en estos d\u00edas lo har\u00e1 quinto grado y el ciclo superior del secundario.&nbsp;<\/strong><\/p>\n\n\n\n<p><strong>En relaci\u00f3n a los proyectos, se\u00f1al\u00f3 que esperar\u00e1n hasta fines de marzo para ver c\u00f3mo se desarrolla el ciclo lectivo, pero la idea es poder retomar la iniciativa del Museo de Antropolog\u00eda referida a la muestra de los primeros pobladores de Mar Chiquita. Tambi\u00e9n tienen pensado armar su propia Feria dela Cultura para la segunda parte del a\u00f1o \u201cpero todo estar\u00e1 sujeto a la situaci\u00f3n epidemiol\u00f3gica, por eso caminamos el d\u00eda a d\u00eda\u201d, dijo la directora.&nbsp;<\/strong><\/p>\n\n\n\n<p><strong>En cuanto al acompa\u00f1amiento de trayectorias escolares nunca se detuvo, el a\u00f1o pasado fue de modo virtual y este a\u00f1o se har\u00e1 mixto en la medida de lo posible, aguardan que la docente pueda asistir a las escuelas cuando \u00e9stas lo requieran, y siguen con los apoyos institucionales de manera virtual, tanto a nivel local como de la zona.\u00a0<\/strong><\/p>\n\n\n\n<figure class=\"wp-block-image size-large is-resized\"><img loading=\"lazy\" decoding=\"async\" src=\"https:\/\/i.ibb.co\/wr6tLDj\/Whats-App-Image-2020-11-03-at-12-24-51.jpg\" alt=\"\" width=\"710\" height=\"378\"\/><\/figure>\n","protected":false},"excerpt":{"rendered":"<p>La Escuela Especial El Amanecer inici\u00f3 el ciclo lectivo con muchas expectativas y con el edificio mejorado luego de un a\u00f1o de trabajos de refacci\u00f3n internos, a\u00fan resta el frente&hellip; <\/p>\n","protected":false},"author":2,"featured_media":9072,"comment_status":"open","ping_status":"open","sticky":false,"template":"","format":"standard","meta":{"footnotes":""},"categories":[5],"tags":[],"class_list":["post-9070","post","type-post","status-publish","format-standard","has-post-thumbnail","hentry","category-regionales"],"views":295,"_links":{"self":[{"href":"https:\/\/fmalicia.com.ar\/index.php?rest_route=\/wp\/v2\/posts\/9070","targetHints":{"allow":["GET"]}}],"collection":[{"href":"https:\/\/fmalicia.com.ar\/index.php?rest_route=\/wp\/v2\/posts"}],"about":[{"href":"https:\/\/fmalicia.com.ar\/index.php?rest_route=\/wp\/v2\/types\/post"}],"author":[{"embeddable":true,"href":"https:\/\/fmalicia.com.ar\/index.php?rest_route=\/wp\/v2\/users\/2"}],"replies":[{"embeddable":true,"href":"https:\/\/fmalicia.com.ar\/index.php?rest_route=%2Fwp%2Fv2%2Fcomments&post=9070"}],"version-history":[{"count":1,"href":"https:\/\/fmalicia.com.ar\/index.php?rest_route=\/wp\/v2\/posts\/9070\/revisions"}],"predecessor-version":[{"id":9071,"href":"https:\/\/fmalicia.com.ar\/index.php?rest_route=\/wp\/v2\/posts\/9070\/revisions\/9071"}],"wp:featuredmedia":[{"embeddable":true,"href":"https:\/\/fmalicia.com.ar\/index.php?rest_route=\/wp\/v2\/media\/9072"}],"wp:attachment":[{"href":"https:\/\/fmalicia.com.ar\/index.php?rest_route=%2Fwp%2Fv2%2Fmedia&parent=9070"}],"wp:term":[{"taxonomy":"category","embeddable":true,"href":"https:\/\/fmalicia.com.ar\/index.php?rest_route=%2Fwp%2Fv2%2Fcategories&post=9070"},{"taxonomy":"post_tag","embeddable":true,"href":"https:\/\/fmalicia.com.ar\/index.php?rest_route=%2Fwp%2Fv2%2Ftags&post=9070"}],"curies":[{"name":"wp","href":"https:\/\/api.w.org\/{rel}","templated":true}]}}