{"id":8504,"date":"2021-03-24T07:58:58","date_gmt":"2021-03-24T10:58:58","guid":{"rendered":"https:\/\/fmalicia.com.ar\/?p=8504"},"modified":"2021-08-24T10:52:06","modified_gmt":"2021-08-24T13:52:06","slug":"javier-landri-duran-nos-presentael-evangelio-segun-don-pedro","status":"publish","type":"post","link":"https:\/\/fmalicia.com.ar\/?p=8504","title":{"rendered":"Javier &#8220;Landri&#8221; Duran presenta&#8221;El Evangelio seg\u00fan Don Pedro"},"content":{"rendered":"\n<p>Ya es de p\u00fablico conocimiento que ma\u00f1ana mi\u00e9rcoles en el primer caf\u00e9 literario que se realizar\u00e1 en Rapa Nui Javier Duran expondr\u00e1 su obra denominada &#8220;El Evangelio seg\u00fan Don Pedro&#8221; nosotros lo entrevistamos tiempo atr\u00e1s  y el nos contaba:<\/p>\n\n\n\n<p>En una agradable charla totalmente distendidos, el autor de este flamante escrito donde se narra la vida y obra de Jes\u00fas con un lenguaje netamente gauchesco, criollo, en honor a aquellos personajes barriales que tantos recuerdos y an\u00e9cdotas le dejaron a Javier. El nombre de &#8220;Don pedro&#8221; en homenaje justamente a uno de ellos, &#8220;Don Pedro Raimundo&#8221;, su vecino.<\/p>\n\n\n\n<p>Javier nos cuenta donde pueden adquirir los ejemplares de este, su libro y much\u00edsimo m\u00e1s, no te pierdas la nota, mirala aqu\u00ed y ahora:<\/p>\n\n\n\n<figure class=\"wp-block-embed-youtube wp-block-embed is-type-video is-provider-youtube wp-embed-aspect-16-9 wp-has-aspect-ratio\"><div class=\"wp-block-embed__wrapper\">\n<iframe loading=\"lazy\" title=\"El Evangelio segun Don Pedro lo presenta su autor, Javier Dur\u00e1n\" width=\"1110\" height=\"624\" src=\"https:\/\/www.youtube.com\/embed\/6sKgHXE50t8?feature=oembed\" frameborder=\"0\" allow=\"accelerometer; autoplay; clipboard-write; encrypted-media; gyroscope; picture-in-picture\" allowfullscreen><\/iframe>\n<\/div><\/figure>\n\n\n\n<figure class=\"wp-block-image size-large is-resized\"><img loading=\"lazy\" decoding=\"async\" src=\"https:\/\/i.ibb.co\/K9s22Zn\/Whats-App-Image-2021-02-15-at-01-28-03.jpg\" alt=\"\" width=\"350\" height=\"498\"\/><\/figure>\n\n\n\n<figure class=\"wp-block-image size-large is-resized\"><img loading=\"lazy\" decoding=\"async\" src=\"https:\/\/i.ibb.co\/NKVW3JM\/Whats-App-Image-2021-02-15-at-01-28-03-1.jpg\" alt=\"\" width=\"431\" height=\"634\"\/><\/figure>\n","protected":false},"excerpt":{"rendered":"<p>Ya es de p\u00fablico conocimiento que ma\u00f1ana mi\u00e9rcoles en el primer caf\u00e9 literario que se realizar\u00e1 en Rapa Nui Javier Duran expondr\u00e1 su obra denominada &#8220;El Evangelio seg\u00fan Don Pedro&#8221;&hellip; <\/p>\n","protected":false},"author":2,"featured_media":8506,"comment_status":"open","ping_status":"open","sticky":false,"template":"","format":"standard","meta":{"footnotes":""},"categories":[1,17,4,5,2],"tags":[],"class_list":["post-8504","post","type-post","status-publish","format-standard","has-post-thumbnail","hentry","category-culturales","category-destacadas","category-locales","category-regionales","category-sociedad"],"views":494,"_links":{"self":[{"href":"https:\/\/fmalicia.com.ar\/index.php?rest_route=\/wp\/v2\/posts\/8504","targetHints":{"allow":["GET"]}}],"collection":[{"href":"https:\/\/fmalicia.com.ar\/index.php?rest_route=\/wp\/v2\/posts"}],"about":[{"href":"https:\/\/fmalicia.com.ar\/index.php?rest_route=\/wp\/v2\/types\/post"}],"author":[{"embeddable":true,"href":"https:\/\/fmalicia.com.ar\/index.php?rest_route=\/wp\/v2\/users\/2"}],"replies":[{"embeddable":true,"href":"https:\/\/fmalicia.com.ar\/index.php?rest_route=%2Fwp%2Fv2%2Fcomments&post=8504"}],"version-history":[{"count":3,"href":"https:\/\/fmalicia.com.ar\/index.php?rest_route=\/wp\/v2\/posts\/8504\/revisions"}],"predecessor-version":[{"id":12973,"href":"https:\/\/fmalicia.com.ar\/index.php?rest_route=\/wp\/v2\/posts\/8504\/revisions\/12973"}],"wp:featuredmedia":[{"embeddable":true,"href":"https:\/\/fmalicia.com.ar\/index.php?rest_route=\/wp\/v2\/media\/8506"}],"wp:attachment":[{"href":"https:\/\/fmalicia.com.ar\/index.php?rest_route=%2Fwp%2Fv2%2Fmedia&parent=8504"}],"wp:term":[{"taxonomy":"category","embeddable":true,"href":"https:\/\/fmalicia.com.ar\/index.php?rest_route=%2Fwp%2Fv2%2Fcategories&post=8504"},{"taxonomy":"post_tag","embeddable":true,"href":"https:\/\/fmalicia.com.ar\/index.php?rest_route=%2Fwp%2Fv2%2Ftags&post=8504"}],"curies":[{"name":"wp","href":"https:\/\/api.w.org\/{rel}","templated":true}]}}