{"id":7428,"date":"2020-12-22T08:46:38","date_gmt":"2020-12-22T11:46:38","guid":{"rendered":"https:\/\/fmalicia.com.ar\/?p=7428"},"modified":"2020-12-22T08:46:41","modified_gmt":"2020-12-22T11:46:41","slug":"1989en-berlin-se-habria-la-puerta-de-brandeburgo","status":"publish","type":"post","link":"https:\/\/fmalicia.com.ar\/?p=7428","title":{"rendered":"1989:En Berl\u00edn se habr\u00eda la Puerta de Brandeburgo"},"content":{"rendered":"\n<p>Un hecho hist\u00f3rico que marca el fin de un pa\u00eds dividido. Los a\u00f1os de la Guerra Fr\u00eda quedaron atr\u00e1s y Alemania se preparaba para hermanarse en una sola naci\u00f3n.<\/p>\n\n\n\n<h6 class=\"wp-block-heading\">Tras la ca\u00edda del Muro de Berl\u00edn, el 9 de noviembre de 1989, el 22 de diciembre de ese mismo a\u00f1o se abri\u00f3 un puesto fronterizo en la\u00a0<a href=\"http:\/\/elcomercio.pe\/mundo\/actualidad\/alemanes-reciben-2011-frente-puerta-brandeburgo-berlin-noticia-692205\">Puerta de Brandeburgo<\/a>. Dos d\u00edas despu\u00e9s, se permiti\u00f3 a los alemanes occidentales viajar sin visa a la Rep\u00fablica Democr\u00e1tica Alemana (RDA). Fue el verdadero inicio de la reunificaci\u00f3n alemana.<\/h6>\n\n\n\n<p>La puerta simboliza la libertad y el deseo de unificar a la ciudad de Berl\u00edn. Desde entonces se convirti\u00f3 en el centro de las celebraciones de los aniversarios de la ca\u00edda del Muro de Berl\u00edn o \u00abFestival de la Libertad\u00bb.<\/p>\n\n\n\n<p>Tres d\u00edas despu\u00e9s de apertura, el 25 de diciembre, el director Leonard Bernstein dirigi\u00f3 la Filarm\u00f3nica de Berl\u00edn en una versi\u00f3n de la&nbsp;<a href=\"http:\/\/elcomercio.pe\/blog\/operaperu\/2014\/03\/novena-sinfonia-de-beethoven-en-el-gran-teatro-nacional\">Novena Sinfon\u00eda de Beethoven&nbsp;<\/a>en la hist\u00f3rica puerta. Fue el broche de oro de esas maravillosas jornadas.<\/p>\n\n\n\n<figure class=\"wp-block-embed-youtube wp-block-embed is-type-video is-provider-youtube wp-embed-aspect-16-9 wp-has-aspect-ratio\"><div class=\"wp-block-embed__wrapper\">\n<iframe loading=\"lazy\" title=\"Parque Europa: Puerta de Brandenburgo\" width=\"1110\" height=\"624\" src=\"https:\/\/www.youtube.com\/embed\/WpjUKNpL27w?feature=oembed\" frameborder=\"0\" allow=\"accelerometer; autoplay; clipboard-write; encrypted-media; gyroscope; picture-in-picture\" allowfullscreen><\/iframe>\n<\/div><\/figure>\n","protected":false},"excerpt":{"rendered":"<p>Un hecho hist\u00f3rico que marca el fin de un pa\u00eds dividido. Los a\u00f1os de la Guerra Fr\u00eda quedaron atr\u00e1s y Alemania se preparaba para hermanarse en una sola naci\u00f3n. Tras&hellip; <\/p>\n","protected":false},"author":2,"featured_media":7430,"comment_status":"open","ping_status":"open","sticky":false,"template":"","format":"standard","meta":{"footnotes":""},"categories":[1,17,2],"tags":[],"class_list":["post-7428","post","type-post","status-publish","format-standard","has-post-thumbnail","hentry","category-culturales","category-destacadas","category-sociedad"],"views":260,"_links":{"self":[{"href":"https:\/\/fmalicia.com.ar\/index.php?rest_route=\/wp\/v2\/posts\/7428","targetHints":{"allow":["GET"]}}],"collection":[{"href":"https:\/\/fmalicia.com.ar\/index.php?rest_route=\/wp\/v2\/posts"}],"about":[{"href":"https:\/\/fmalicia.com.ar\/index.php?rest_route=\/wp\/v2\/types\/post"}],"author":[{"embeddable":true,"href":"https:\/\/fmalicia.com.ar\/index.php?rest_route=\/wp\/v2\/users\/2"}],"replies":[{"embeddable":true,"href":"https:\/\/fmalicia.com.ar\/index.php?rest_route=%2Fwp%2Fv2%2Fcomments&post=7428"}],"version-history":[{"count":1,"href":"https:\/\/fmalicia.com.ar\/index.php?rest_route=\/wp\/v2\/posts\/7428\/revisions"}],"predecessor-version":[{"id":7429,"href":"https:\/\/fmalicia.com.ar\/index.php?rest_route=\/wp\/v2\/posts\/7428\/revisions\/7429"}],"wp:featuredmedia":[{"embeddable":true,"href":"https:\/\/fmalicia.com.ar\/index.php?rest_route=\/wp\/v2\/media\/7430"}],"wp:attachment":[{"href":"https:\/\/fmalicia.com.ar\/index.php?rest_route=%2Fwp%2Fv2%2Fmedia&parent=7428"}],"wp:term":[{"taxonomy":"category","embeddable":true,"href":"https:\/\/fmalicia.com.ar\/index.php?rest_route=%2Fwp%2Fv2%2Fcategories&post=7428"},{"taxonomy":"post_tag","embeddable":true,"href":"https:\/\/fmalicia.com.ar\/index.php?rest_route=%2Fwp%2Fv2%2Ftags&post=7428"}],"curies":[{"name":"wp","href":"https:\/\/api.w.org\/{rel}","templated":true}]}}