{"id":7321,"date":"2020-12-16T13:15:16","date_gmt":"2020-12-16T16:15:16","guid":{"rendered":"https:\/\/fmalicia.com.ar\/?p=7321"},"modified":"2020-12-17T13:19:28","modified_gmt":"2020-12-17T16:19:28","slug":"el-vicegobernador-estara-en-su-ciudad","status":"publish","type":"post","link":"https:\/\/fmalicia.com.ar\/?p=7321","title":{"rendered":"El Vicegobernador estar\u00e1 en su ciudad"},"content":{"rendered":"\n<p>Este jueves a las 18 horas, el vicegobernador Manuel Calvo estar\u00e1 firmando el convenio para la electrificaci\u00f3n del Parque Industrial de la ciudad de Las Varillas y adem\u00e1s har\u00e1 entrega de aportes a los clubes e instituciones de dicha ciudad. Ser\u00e1 en la Plaza Independencia de Las Varillas. Una vez finalizado ese acto dialogar\u00e1 con los medios de comunicaci\u00f3n que se encuentren presentes.<\/p>\n\n\n\n<figure class=\"wp-block-image size-large is-resized\"><img loading=\"lazy\" decoding=\"async\" src=\"https:\/\/i.ibb.co\/SJ5yXvw\/Whats-App-Image-2020-12-02-at-11-20-23.jpg\" alt=\"\" width=\"660\" height=\"439\"\/><\/figure>\n","protected":false},"excerpt":{"rendered":"<p>Este jueves a las 18 horas, el vicegobernador Manuel Calvo estar\u00e1 firmando el convenio para la electrificaci\u00f3n del Parque Industrial de la ciudad de Las Varillas y adem\u00e1s har\u00e1 entrega&hellip; <\/p>\n","protected":false},"author":2,"featured_media":7332,"comment_status":"open","ping_status":"open","sticky":false,"template":"","format":"standard","meta":{"footnotes":""},"categories":[5,2],"tags":[],"class_list":["post-7321","post","type-post","status-publish","format-standard","has-post-thumbnail","hentry","category-regionales","category-sociedad"],"views":281,"_links":{"self":[{"href":"https:\/\/fmalicia.com.ar\/index.php?rest_route=\/wp\/v2\/posts\/7321","targetHints":{"allow":["GET"]}}],"collection":[{"href":"https:\/\/fmalicia.com.ar\/index.php?rest_route=\/wp\/v2\/posts"}],"about":[{"href":"https:\/\/fmalicia.com.ar\/index.php?rest_route=\/wp\/v2\/types\/post"}],"author":[{"embeddable":true,"href":"https:\/\/fmalicia.com.ar\/index.php?rest_route=\/wp\/v2\/users\/2"}],"replies":[{"embeddable":true,"href":"https:\/\/fmalicia.com.ar\/index.php?rest_route=%2Fwp%2Fv2%2Fcomments&post=7321"}],"version-history":[{"count":2,"href":"https:\/\/fmalicia.com.ar\/index.php?rest_route=\/wp\/v2\/posts\/7321\/revisions"}],"predecessor-version":[{"id":7331,"href":"https:\/\/fmalicia.com.ar\/index.php?rest_route=\/wp\/v2\/posts\/7321\/revisions\/7331"}],"wp:featuredmedia":[{"embeddable":true,"href":"https:\/\/fmalicia.com.ar\/index.php?rest_route=\/wp\/v2\/media\/7332"}],"wp:attachment":[{"href":"https:\/\/fmalicia.com.ar\/index.php?rest_route=%2Fwp%2Fv2%2Fmedia&parent=7321"}],"wp:term":[{"taxonomy":"category","embeddable":true,"href":"https:\/\/fmalicia.com.ar\/index.php?rest_route=%2Fwp%2Fv2%2Fcategories&post=7321"},{"taxonomy":"post_tag","embeddable":true,"href":"https:\/\/fmalicia.com.ar\/index.php?rest_route=%2Fwp%2Fv2%2Ftags&post=7321"}],"curies":[{"name":"wp","href":"https:\/\/api.w.org\/{rel}","templated":true}]}}