{"id":7318,"date":"2020-12-16T12:55:21","date_gmt":"2020-12-16T15:55:21","guid":{"rendered":"https:\/\/fmalicia.com.ar\/?p=7318"},"modified":"2020-12-17T13:18:37","modified_gmt":"2020-12-17T16:18:37","slug":"las-varillasinvitacion-a-la-fiesta-del-deporte-pasion-y-dignidad-deportiva","status":"publish","type":"post","link":"https:\/\/fmalicia.com.ar\/?p=7318","title":{"rendered":"Las Varillas:INVITACI\u00d3N A LA FIESTA DEL DEPORTE:  Pasi\u00f3n y Dignidad Deportiva."},"content":{"rendered":"\n<p>La vig\u00e9sima quinta fiesta del Deporte, Pasi\u00f3n y Dignidad Deportiva se realizar\u00e1 este jueves a la 21 hs, en el Teatro Col\u00f3n.Las personas que quieran sumarse a compartir la fiesta podr\u00e1n hacerlo de manera virtual a trav\u00e9s del siguiente link:<a href=\"https:\/\/www.facebook.com\/events\/2800153990313009\/?__cft__[0]=AZWovbgkiOIVBEqBP-kuJYzaQqeNukpTVrbLpg1V93_uvHBlhUpozBHUSm6ckchdK9S0E75h7P9Gh1is-ms3BpOVR7FpU1W0t_O0c4PQ3sGObH6Ao2eHFN0sMK6rAvJcRi6lZLvK0mpyv_yYcYhRDAyX&amp;__tn__=-UK-R\">https:\/\/www.facebook.com\/events\/2800153990313009<\/a>La pandemia del Covid 19, no permiti\u00f3 la realizaci\u00f3n de pr\u00e1cticas de deportes en este 2020 y esto complicaba la realizaci\u00f3n de la fiesta. Pero desde el C\u00edrculo de Periodistas Deportivos Varillense \u201cDante Panzeri\u201d, tomaron la decisi\u00f3n de hacerla, ya que este a\u00f1o se cumplen veinticinco a\u00f1os de su creaci\u00f3n. En esta oportunidad, no habr\u00e1 deportistas premiados, sino que se reconocer\u00e1n a los que fueron elegidos como el deportista del a\u00f1o de cada fiesta. Adem\u00e1s ser\u00e1n homenajeados los cinco intendentes que colaboraron con la realizaci\u00f3n de la fiesta, Rujinsky, Basso, Coiset, Chiocarello y Daniele, quienes comprometieron su presencia esa noche. Tambi\u00e9n se reconocer\u00e1 la tarea de los Secretarios de Deporte de cada periodo. Esa noche solo podr\u00e1n participar de la fiesta en el Teatro, las personas invitadas, ya que por protocolo no podr\u00e1 ingresar el p\u00fablico en general. Ser\u00e1 transmitida por la televisi\u00f3n local STV 2 y las p\u00e1ginas de las radios locales a trav\u00e9s de sus plataformas digitales. En estos 25 a\u00f1os pasaron por la fiesta un sin n\u00famero de deportista locales, con trascendencia nacional e internacional, como fueron Fabricio Oberto (B\u00e1squet), Cora Olivero (Atletismo), Pablo Sarmiento (Boxeo), Leandro Bolmaro (B\u00e1squet), entre otros.<\/p>\n\n\n\n<figure class=\"wp-block-image size-large is-resized\"><img loading=\"lazy\" decoding=\"async\" src=\"https:\/\/i.ibb.co\/ckxwDs8\/Whats-App-Image-2020-12-17-at-12-50-00.jpg\" alt=\"\" width=\"686\" height=\"606\"\/><\/figure>\n","protected":false},"excerpt":{"rendered":"<p>La vig\u00e9sima quinta fiesta del Deporte, Pasi\u00f3n y Dignidad Deportiva se realizar\u00e1 este jueves a la 21 hs, en el Teatro Col\u00f3n.Las personas que quieran sumarse a compartir la fiesta&hellip; <\/p>\n","protected":false},"author":2,"featured_media":7320,"comment_status":"open","ping_status":"open","sticky":false,"template":"","format":"standard","meta":{"footnotes":""},"categories":[8,5],"tags":[],"class_list":["post-7318","post","type-post","status-publish","format-standard","has-post-thumbnail","hentry","category-deportes","category-regionales"],"views":328,"_links":{"self":[{"href":"https:\/\/fmalicia.com.ar\/index.php?rest_route=\/wp\/v2\/posts\/7318","targetHints":{"allow":["GET"]}}],"collection":[{"href":"https:\/\/fmalicia.com.ar\/index.php?rest_route=\/wp\/v2\/posts"}],"about":[{"href":"https:\/\/fmalicia.com.ar\/index.php?rest_route=\/wp\/v2\/types\/post"}],"author":[{"embeddable":true,"href":"https:\/\/fmalicia.com.ar\/index.php?rest_route=\/wp\/v2\/users\/2"}],"replies":[{"embeddable":true,"href":"https:\/\/fmalicia.com.ar\/index.php?rest_route=%2Fwp%2Fv2%2Fcomments&post=7318"}],"version-history":[{"count":1,"href":"https:\/\/fmalicia.com.ar\/index.php?rest_route=\/wp\/v2\/posts\/7318\/revisions"}],"predecessor-version":[{"id":7319,"href":"https:\/\/fmalicia.com.ar\/index.php?rest_route=\/wp\/v2\/posts\/7318\/revisions\/7319"}],"wp:featuredmedia":[{"embeddable":true,"href":"https:\/\/fmalicia.com.ar\/index.php?rest_route=\/wp\/v2\/media\/7320"}],"wp:attachment":[{"href":"https:\/\/fmalicia.com.ar\/index.php?rest_route=%2Fwp%2Fv2%2Fmedia&parent=7318"}],"wp:term":[{"taxonomy":"category","embeddable":true,"href":"https:\/\/fmalicia.com.ar\/index.php?rest_route=%2Fwp%2Fv2%2Fcategories&post=7318"},{"taxonomy":"post_tag","embeddable":true,"href":"https:\/\/fmalicia.com.ar\/index.php?rest_route=%2Fwp%2Fv2%2Ftags&post=7318"}],"curies":[{"name":"wp","href":"https:\/\/api.w.org\/{rel}","templated":true}]}}