{"id":7290,"date":"2020-12-16T00:45:40","date_gmt":"2020-12-16T03:45:40","guid":{"rendered":"https:\/\/fmalicia.com.ar\/?p=7290"},"modified":"2020-12-16T00:45:42","modified_gmt":"2020-12-16T03:45:42","slug":"de-pelicula-le-robaron-los-tractores-alquilo-un-avion-y-los-encontro-con-la-policia-en-un-baldio","status":"publish","type":"post","link":"https:\/\/fmalicia.com.ar\/?p=7290","title":{"rendered":"De pel\u00edcula: le robaron los tractores, alquil\u00f3 un avi\u00f3n y los encontr\u00f3 con la Polic\u00eda en un bald\u00edo"},"content":{"rendered":"\n<p>Un productor de la localidad cordobesa de Sacanta recuper\u00f3 los tractores que le robaron este martes tras alquilar un avi\u00f3n y, con la ayuda de la Polic\u00eda, encontrarlos en un bald\u00edo donde al parecer estaban siendo &#8220;enfriados&#8221; antes de venderlos, public\u00f3&nbsp;<strong><a href=\"http:\/\/www.todoagro.com.ar\/noticias\/nota.asp?nid=41364\" target=\"_blank\" rel=\"noreferrer noopener\">Todo Agro<\/a><\/strong>.&nbsp;<\/p>\n\n\n\n<p>Gabriel Terreno not\u00f3 que se los robaron por la ma\u00f1ana de un campo ubicado entre Sacanta y Arroyito, por lo que avis\u00f3 a la Polic\u00eda y a la vez se puso a investigar por su cuenta.&nbsp;<\/p>\n\n\n\n<p>La fuerza de seguridad confirm\u00f3 que diversas c\u00e1maras de seguridad, ubicadas en las entradas de pueblos y zonas urbanas daban cuenta que los tractores hab\u00edan llegado a la zona de la ciudad de San Francisco, y que probablemente hab\u00edan cruzado a Santa Fe a la poblaci\u00f3n de Frontera, que est\u00e1 separada por una calle de la ciudad del este cordob\u00e9s.<\/p>\n\n\n\n<p>El productor alquil\u00f3 un avi\u00f3n en el Aeroclub de Las Varillas y junto al comisario Diego Rodr\u00edguez sobrevol\u00f3 la localidad de Frontera (las c\u00e1maras hab\u00edan registrado el acceso a la zona urbana).<\/p>\n\n\n\n<p>Despu\u00e9s de varios minutos de vuelo ubic\u00f3 a sus tractores en un bald\u00edo, donde &#8220;las m\u00e1quinas&#8221; al parecer estaban siendo \u201cenfriadas\u201d para revenderlas.<\/p>\n\n\n\n<p>Terreno se baj\u00f3 en el Aeroclub de San Francisco, donde lo esperaba un patrullero, se le dio aviso a la Polic\u00eda de Frontera, y as\u00ed se recuperaron los tractores marca Massey Fergusson y New Holland.<\/p>\n\n\n\n<figure class=\"wp-block-image size-large is-resized\"><img loading=\"lazy\" decoding=\"async\" src=\"https:\/\/i.ibb.co\/sWhPYCV\/POLI-ROB.jpg\" alt=\"\" width=\"650\" height=\"356\"\/><\/figure>\n\n\n\n<p>FUENTE: LA VOZ<\/p>\n","protected":false},"excerpt":{"rendered":"<p>Un productor de la localidad cordobesa de Sacanta recuper\u00f3 los tractores que le robaron este martes tras alquilar un avi\u00f3n y, con la ayuda de la Polic\u00eda, encontrarlos en un&hellip; <\/p>\n","protected":false},"author":2,"featured_media":7292,"comment_status":"open","ping_status":"open","sticky":false,"template":"","format":"standard","meta":{"footnotes":""},"categories":[3],"tags":[],"class_list":["post-7290","post","type-post","status-publish","format-standard","has-post-thumbnail","hentry","category-policiales"],"views":367,"_links":{"self":[{"href":"https:\/\/fmalicia.com.ar\/index.php?rest_route=\/wp\/v2\/posts\/7290","targetHints":{"allow":["GET"]}}],"collection":[{"href":"https:\/\/fmalicia.com.ar\/index.php?rest_route=\/wp\/v2\/posts"}],"about":[{"href":"https:\/\/fmalicia.com.ar\/index.php?rest_route=\/wp\/v2\/types\/post"}],"author":[{"embeddable":true,"href":"https:\/\/fmalicia.com.ar\/index.php?rest_route=\/wp\/v2\/users\/2"}],"replies":[{"embeddable":true,"href":"https:\/\/fmalicia.com.ar\/index.php?rest_route=%2Fwp%2Fv2%2Fcomments&post=7290"}],"version-history":[{"count":1,"href":"https:\/\/fmalicia.com.ar\/index.php?rest_route=\/wp\/v2\/posts\/7290\/revisions"}],"predecessor-version":[{"id":7291,"href":"https:\/\/fmalicia.com.ar\/index.php?rest_route=\/wp\/v2\/posts\/7290\/revisions\/7291"}],"wp:featuredmedia":[{"embeddable":true,"href":"https:\/\/fmalicia.com.ar\/index.php?rest_route=\/wp\/v2\/media\/7292"}],"wp:attachment":[{"href":"https:\/\/fmalicia.com.ar\/index.php?rest_route=%2Fwp%2Fv2%2Fmedia&parent=7290"}],"wp:term":[{"taxonomy":"category","embeddable":true,"href":"https:\/\/fmalicia.com.ar\/index.php?rest_route=%2Fwp%2Fv2%2Fcategories&post=7290"},{"taxonomy":"post_tag","embeddable":true,"href":"https:\/\/fmalicia.com.ar\/index.php?rest_route=%2Fwp%2Fv2%2Ftags&post=7290"}],"curies":[{"name":"wp","href":"https:\/\/api.w.org\/{rel}","templated":true}]}}