{"id":7276,"date":"2020-12-17T12:23:57","date_gmt":"2020-12-17T15:23:57","guid":{"rendered":"https:\/\/fmalicia.com.ar\/?p=7276"},"modified":"2020-12-17T13:26:03","modified_gmt":"2020-12-17T16:26:03","slug":"entre-el-16-y-el-22-de-diciembre-se-vera-la-estrella-de-belen","status":"publish","type":"post","link":"https:\/\/fmalicia.com.ar\/?p=7276","title":{"rendered":"Entre el 16 y el 22 de diciembre se puede ver la Estrella de Bel\u00e9n"},"content":{"rendered":"\n<p><em>Un fen\u00f3meno astron\u00f3mico \u00fanico que aproxima las \u00f3rbitas de J\u00fapiter y Saturno hasta que parezcan una sola, fue la famosa estrella que gui\u00f3 a los Magos de Oriente hasta Jes\u00fas. No ocurr\u00eda desde 1226. <\/em><\/p>\n\n\n\n<figure class=\"wp-block-image size-large\"><img decoding=\"async\" src=\"https:\/\/i.ibb.co\/MR2RfS0\/estrella-belen-2161715.jpg\" alt=\"\"\/><\/figure>\n\n\n\n<h4 class=\"wp-block-heading\">Despediremos el 2020 con un cielo generoso. <\/h4>\n\n\n\n<p>En un a\u00f1o que nos quit\u00f3 tanto sobre la Tierra, el ciclo 2020 se cierra al fin con un cielo m\u00e1s generoso que nunca. Nos regal\u00f3 un incre\u00edble eclipse solar y ahora, la esfera celeste nos permite ver un hecho hist\u00f3rico: la &#8220;Gran Conjunci\u00f3n&#8221;, m\u00e1s com\u00fanmente conocido como \u201cLa Estrella de Bel\u00e9n\u201d.&nbsp; <\/p>\n\n\n\n<p>Para la ciencia es el momento en que J\u00fapiter y Saturno se aproximan tanto que est\u00e1n apenas a &#8220;una d\u00e9cima de grado de distancia&#8221;, seg\u00fan la estimaci\u00f3n de Planetario Adler de Chicago, en el estado de Texas.&nbsp; Para la cultura popular, en cambio, es la repetici\u00f3n de un fen\u00f3meno astral muy desusado que se dio por \u00faltima vez el 4 de marzo de 1226: la \u201cuni\u00f3n\u201d de dos estrellas para formar la misma mega estrella que gui\u00f3 a los Reyes Magos en su viaje hacia el punto en que hab\u00eda nacido Jes\u00fas.&nbsp; <\/p>\n\n\n\n<p>Se trata de un fen\u00f3meno f\u00edsico y tambi\u00e9n \u00f3ptico que permite ver casi como un \u00fanico astro de incre\u00edble brillo y volumen al mayor planeta del sistema solar, J\u00fapiter, &nbsp;y \u201cal lado\u201d, al segundo, Saturno, con sus anillos gaseosos visibles incluso desde la Tierra.&nbsp; <\/p>\n\n\n\n<figure class=\"wp-block-image size-large\"><img decoding=\"async\" src=\"https:\/\/i.ibb.co\/m9Vbyn2\/1607478428-thumb5fd01e75d045e6750a3a780b5fd01e76d045e6750a3a780c36251521s.jpg\" alt=\"\"\/><\/figure>\n\n\n\n<p>Vigilado por muchas lunas, hasta 1781 se cre\u00eda que Saturno era el \u00faltimo planeta del sistema solar, pero luego se descubri\u00f3 que le segu\u00eda Urano. La NASA de todos modos aclara que aunque J\u00fapiter y Saturno se vean casi pegados en realidad \u201cest\u00e1n separados por cientos de millones de kil\u00f3metros&#8221;. <\/p>\n\n\n\n<p>El fen\u00f3meno es visible desde el 16 de diciembre, pero el mejor momento de observaci\u00f3n ser\u00e1 entre el 20 y 22 de diciembre. El <strong>horario m\u00e1s favorable para la &nbsp;observaci\u00f3n ser\u00e1 durante el atardecer, sobre el suroeste <\/strong>del horizonte. De noche, las luces de la ciudad pueden confundir.&nbsp; Si se desea mayor precisi\u00f3n en el mapa astral, existe una aplicaci\u00f3n gratuita para IOS y Android,&nbsp;SkySafari, que determina nuestras coordenadas en la Tierra y luego orienta d\u00f3nde dirigir la mirada. El fen\u00f3meno es visible a simple vista, si no llueve. Con binoculares o telescopio se obtienen detalles y con una \u00f3ptica de 150 aumentos, se ven incluso los anillos de Saturno. <\/p>\n\n\n\n<figure class=\"wp-block-image size-large\"><img decoding=\"async\" src=\"https:\/\/i.ibb.co\/0960sdT\/SANTA-YNEZ-CA-JULY-14-Light-pollution-from-nearby-Santa-Barbara-takes-on-the-appearance-of-a-sunrise.jpg\" alt=\"\"\/><\/figure>\n\n\n\n<p><strong><em>Dato de inter\u00e9s:<\/em><\/strong> <strong>La ciencia dat\u00f3 el fen\u00f3meno b\u00edblico el&nbsp;17 de abril del a\u00f1o 6 a. C. Cuando los Reyes de Oriente dieron con Jes\u00fas, ya era un beb\u00e9 de ocho meses.<\/strong><\/p>\n\n\n\n<p>Ya el Evangelio de San Mateo dej\u00f3 registro de este fen\u00f3meno, cuando citaba: \u201cNaci\u00f3 Jes\u00fas, en Bel\u00e9n de Judea, bajo el reinado de Herodes, unos magos de Oriente se presentaron en Jerusal\u00e9n y preguntaron: \u2018\u00bfD\u00f3nde est\u00e1 el rey de los jud\u00edos que acaba de nacer? Porque vimos su estrella en el Este y hemos venido a adorarlo (\u2026) Despu\u00e9s de o\u00edr al rey, ellos partieron. La estrella que hab\u00edan visto en el este iba delante de ellos, hasta que se detuvo en el lugar donde estaba el ni\u00f1o. Por eso se bautiz\u00f3 el fen\u00f3meno astron\u00f3mico como \u201cEstrella de Bel\u00e9n\u201d.&nbsp; Bel\u00e9n se ubica 10 kil\u00f3metros al sur de Jerusal\u00e9n y la descripci\u00f3n del evangelista hace pensar que la estrella se hizo visible hacia el Sur. <\/p>\n\n\n\n<p>Las \u00f3rbitas de ambos planetas no se aproximar\u00e1n hasta el a\u00f1o 2080. <\/p>\n\n\n\n<p>(Fuente <a rel=\"noreferrer noopener\" href=\"https:\/\/www.perfil.com\/noticias\/actualidad\/entre-el-16-y-el-22-de-diciembre-se-vera-la-estrella-de-belen-que-guio-a-los-magos-de-oriente.phtml\" target=\"_blank\">www.perfil.com<\/a>). <\/p>\n","protected":false},"excerpt":{"rendered":"<p>Un fen\u00f3meno astron\u00f3mico \u00fanico que aproxima las \u00f3rbitas de J\u00fapiter y Saturno hasta que parezcan una sola, fue la famosa estrella que gui\u00f3 a los Magos de Oriente hasta Jes\u00fas.&hellip; <\/p>\n","protected":false},"author":3,"featured_media":7278,"comment_status":"open","ping_status":"open","sticky":false,"template":"","format":"standard","meta":{"footnotes":""},"categories":[1,17],"tags":[],"class_list":["post-7276","post","type-post","status-publish","format-standard","has-post-thumbnail","hentry","category-culturales","category-destacadas"],"views":657,"_links":{"self":[{"href":"https:\/\/fmalicia.com.ar\/index.php?rest_route=\/wp\/v2\/posts\/7276","targetHints":{"allow":["GET"]}}],"collection":[{"href":"https:\/\/fmalicia.com.ar\/index.php?rest_route=\/wp\/v2\/posts"}],"about":[{"href":"https:\/\/fmalicia.com.ar\/index.php?rest_route=\/wp\/v2\/types\/post"}],"author":[{"embeddable":true,"href":"https:\/\/fmalicia.com.ar\/index.php?rest_route=\/wp\/v2\/users\/3"}],"replies":[{"embeddable":true,"href":"https:\/\/fmalicia.com.ar\/index.php?rest_route=%2Fwp%2Fv2%2Fcomments&post=7276"}],"version-history":[{"count":3,"href":"https:\/\/fmalicia.com.ar\/index.php?rest_route=\/wp\/v2\/posts\/7276\/revisions"}],"predecessor-version":[{"id":7334,"href":"https:\/\/fmalicia.com.ar\/index.php?rest_route=\/wp\/v2\/posts\/7276\/revisions\/7334"}],"wp:featuredmedia":[{"embeddable":true,"href":"https:\/\/fmalicia.com.ar\/index.php?rest_route=\/wp\/v2\/media\/7278"}],"wp:attachment":[{"href":"https:\/\/fmalicia.com.ar\/index.php?rest_route=%2Fwp%2Fv2%2Fmedia&parent=7276"}],"wp:term":[{"taxonomy":"category","embeddable":true,"href":"https:\/\/fmalicia.com.ar\/index.php?rest_route=%2Fwp%2Fv2%2Fcategories&post=7276"},{"taxonomy":"post_tag","embeddable":true,"href":"https:\/\/fmalicia.com.ar\/index.php?rest_route=%2Fwp%2Fv2%2Ftags&post=7276"}],"curies":[{"name":"wp","href":"https:\/\/api.w.org\/{rel}","templated":true}]}}