{"id":7271,"date":"2020-12-14T23:59:15","date_gmt":"2020-12-15T02:59:15","guid":{"rendered":"https:\/\/fmalicia.com.ar\/?p=7271"},"modified":"2020-12-14T23:59:17","modified_gmt":"2020-12-15T02:59:17","slug":"asi-fue-el-eclipse","status":"publish","type":"post","link":"https:\/\/fmalicia.com.ar\/?p=7271","title":{"rendered":"As\u00ed fue el eclipse"},"content":{"rendered":"\n<p>El show de la Luna y el Sol deslumbr\u00f3 a los fan\u00e1ticos\u00a0!Por segundo a\u00f1o consecutivo, Sudam\u00e9rica tuvo el privilegio de poder observar en forma total este fen\u00f3meno astron\u00f3mico que no volver\u00e1 a ocurrir en la regi\u00f3n hasta 2048 . El momento tan esperado lleg\u00f3 y\u00a0<strong>millones de personas en varios pa\u00edses de Sudam\u00e9rica pudieron disfrutar en vivo el\u00a0<\/strong><a rel=\"noreferrer noopener\" href=\"https:\/\/www.infobae.com\/tendencias\/2020\/12\/14\/hoy-es-el-gran-dia-del-eclipse-solar-2020-en-argentina-como-cuando-y-donde-verlo-de-forma-segura\/\" target=\"_blank\"><strong>eclipse solar 2020<\/strong><\/a><strong>,\u00a0<\/strong>un evento astron\u00f3mico \u00fanico donde<mark><strong>\u00a0la Luna arroja una sombra en la Tierra, bloqueando completa o parcialmente la luz del Sol en algunas \u00e1reas.<\/strong><\/mark><\/p>\n\n\n\n<figure class=\"wp-block-embed-youtube wp-block-embed is-type-video is-provider-youtube wp-embed-aspect-16-9 wp-has-aspect-ratio\"><div class=\"wp-block-embed__wrapper\">\n<iframe loading=\"lazy\" title=\"\u00a1El eclipse del siglo se vivi\u00f3 en TN! (Programa completo del 14\/12\/20)\" width=\"1110\" height=\"624\" src=\"https:\/\/www.youtube.com\/embed\/9rWGt48qF2A?feature=oembed\" frameborder=\"0\" allow=\"accelerometer; autoplay; clipboard-write; encrypted-media; gyroscope; picture-in-picture\" allowfullscreen><\/iframe>\n<\/div><\/figure>\n","protected":false},"excerpt":{"rendered":"<p>El show de la Luna y el Sol deslumbr\u00f3 a los fan\u00e1ticos\u00a0!Por segundo a\u00f1o consecutivo, Sudam\u00e9rica tuvo el privilegio de poder observar en forma total este fen\u00f3meno astron\u00f3mico que no&hellip; <\/p>\n","protected":false},"author":2,"featured_media":7273,"comment_status":"open","ping_status":"open","sticky":false,"template":"","format":"standard","meta":{"footnotes":""},"categories":[17,2],"tags":[],"class_list":["post-7271","post","type-post","status-publish","format-standard","has-post-thumbnail","hentry","category-destacadas","category-sociedad"],"views":987,"_links":{"self":[{"href":"https:\/\/fmalicia.com.ar\/index.php?rest_route=\/wp\/v2\/posts\/7271","targetHints":{"allow":["GET"]}}],"collection":[{"href":"https:\/\/fmalicia.com.ar\/index.php?rest_route=\/wp\/v2\/posts"}],"about":[{"href":"https:\/\/fmalicia.com.ar\/index.php?rest_route=\/wp\/v2\/types\/post"}],"author":[{"embeddable":true,"href":"https:\/\/fmalicia.com.ar\/index.php?rest_route=\/wp\/v2\/users\/2"}],"replies":[{"embeddable":true,"href":"https:\/\/fmalicia.com.ar\/index.php?rest_route=%2Fwp%2Fv2%2Fcomments&post=7271"}],"version-history":[{"count":1,"href":"https:\/\/fmalicia.com.ar\/index.php?rest_route=\/wp\/v2\/posts\/7271\/revisions"}],"predecessor-version":[{"id":7272,"href":"https:\/\/fmalicia.com.ar\/index.php?rest_route=\/wp\/v2\/posts\/7271\/revisions\/7272"}],"wp:featuredmedia":[{"embeddable":true,"href":"https:\/\/fmalicia.com.ar\/index.php?rest_route=\/wp\/v2\/media\/7273"}],"wp:attachment":[{"href":"https:\/\/fmalicia.com.ar\/index.php?rest_route=%2Fwp%2Fv2%2Fmedia&parent=7271"}],"wp:term":[{"taxonomy":"category","embeddable":true,"href":"https:\/\/fmalicia.com.ar\/index.php?rest_route=%2Fwp%2Fv2%2Fcategories&post=7271"},{"taxonomy":"post_tag","embeddable":true,"href":"https:\/\/fmalicia.com.ar\/index.php?rest_route=%2Fwp%2Fv2%2Ftags&post=7271"}],"curies":[{"name":"wp","href":"https:\/\/api.w.org\/{rel}","templated":true}]}}