{"id":7250,"date":"2020-12-14T12:29:55","date_gmt":"2020-12-14T15:29:55","guid":{"rendered":"https:\/\/fmalicia.com.ar\/?p=7250"},"modified":"2020-12-14T12:29:58","modified_gmt":"2020-12-14T15:29:58","slug":"anahi-y-pedrito-picaflor-charlan-sobre-lo-vivido-en-la-tv","status":"publish","type":"post","link":"https:\/\/fmalicia.com.ar\/?p=7250","title":{"rendered":"Anah\u00ed y Pedrito &#8220;Picaflor&#8221; charlan sobre lo vivido en la tv"},"content":{"rendered":"\n<p>En una comunicaci\u00f3n telef\u00f3nica Pedrito y  anah\u00ed nos cuentan su experiencia en el show del s\u00e1bado para la Tv y m\u00e1s de 50 medios que retransmitieron:<\/p>\n\n\n\n<div><iframe loading=\"lazy\" width=\"300\" height=\"60\" src=\"https:\/\/vocaroo.com\/embed\/18sHdkFeMfB4?autoplay=0\" frameborder=\"0\" allow=\"autoplay\"><\/iframe><br><a href=\"https:\/\/voca.ro\/18sHdkFeMfB4\" title=\"Grabadora de voz Vocaroo\" target=\"_blank\" rel=\"noopener noreferrer\">Ver en Vocaroo &gt;&gt;<\/a><\/div>\n\n\n\n<figure class=\"wp-block-image size-large\"><img decoding=\"async\" src=\"https:\/\/i.ibb.co\/q9CdXN2\/Whats-App-Image-2020-12-13-at-01-06-59.jpg\" alt=\"\"\/><\/figure>\n\n\n\n<p><\/p>\n","protected":false},"excerpt":{"rendered":"<p>En una comunicaci\u00f3n telef\u00f3nica Pedrito y anah\u00ed nos cuentan su experiencia en el show del s\u00e1bado para la Tv y m\u00e1s de 50 medios que retransmitieron: Ver en Vocaroo &gt;&gt;<\/p>\n","protected":false},"author":2,"featured_media":7257,"comment_status":"open","ping_status":"open","sticky":false,"template":"","format":"standard","meta":{"footnotes":""},"categories":[2],"tags":[],"class_list":["post-7250","post","type-post","status-publish","format-standard","has-post-thumbnail","hentry","category-sociedad"],"views":229,"_links":{"self":[{"href":"https:\/\/fmalicia.com.ar\/index.php?rest_route=\/wp\/v2\/posts\/7250","targetHints":{"allow":["GET"]}}],"collection":[{"href":"https:\/\/fmalicia.com.ar\/index.php?rest_route=\/wp\/v2\/posts"}],"about":[{"href":"https:\/\/fmalicia.com.ar\/index.php?rest_route=\/wp\/v2\/types\/post"}],"author":[{"embeddable":true,"href":"https:\/\/fmalicia.com.ar\/index.php?rest_route=\/wp\/v2\/users\/2"}],"replies":[{"embeddable":true,"href":"https:\/\/fmalicia.com.ar\/index.php?rest_route=%2Fwp%2Fv2%2Fcomments&post=7250"}],"version-history":[{"count":1,"href":"https:\/\/fmalicia.com.ar\/index.php?rest_route=\/wp\/v2\/posts\/7250\/revisions"}],"predecessor-version":[{"id":7256,"href":"https:\/\/fmalicia.com.ar\/index.php?rest_route=\/wp\/v2\/posts\/7250\/revisions\/7256"}],"wp:featuredmedia":[{"embeddable":true,"href":"https:\/\/fmalicia.com.ar\/index.php?rest_route=\/wp\/v2\/media\/7257"}],"wp:attachment":[{"href":"https:\/\/fmalicia.com.ar\/index.php?rest_route=%2Fwp%2Fv2%2Fmedia&parent=7250"}],"wp:term":[{"taxonomy":"category","embeddable":true,"href":"https:\/\/fmalicia.com.ar\/index.php?rest_route=%2Fwp%2Fv2%2Fcategories&post=7250"},{"taxonomy":"post_tag","embeddable":true,"href":"https:\/\/fmalicia.com.ar\/index.php?rest_route=%2Fwp%2Fv2%2Ftags&post=7250"}],"curies":[{"name":"wp","href":"https:\/\/api.w.org\/{rel}","templated":true}]}}