{"id":7247,"date":"2020-12-14T11:56:52","date_gmt":"2020-12-14T14:56:52","guid":{"rendered":"https:\/\/fmalicia.com.ar\/?p=7247"},"modified":"2020-12-14T12:10:51","modified_gmt":"2020-12-14T15:10:51","slug":"las-varillas-detenido-por-hurto-calificado-y-violacion-de-domicilio-y-otras","status":"publish","type":"post","link":"https:\/\/fmalicia.com.ar\/?p=7247","title":{"rendered":"LAS VARILLAS. DETENIDO POR HURTO CALIFICADO Y VIOLACI\u00d3N DE DOMICILIO Y OTRAS"},"content":{"rendered":"\n<p><\/p>\n\n\n\n<p><\/p>\n\n\n\n<p>A primeras horas del domingo, efectivos policiales en respuesta al llamado de un vecino de calle Alte. Brown al 300, el cual denuncio, que un sujeto intent\u00f3 sustraerle del patio de su domicilio una garrafa de 10 kg. Y de una vivienda colindante una bicicleta. Aportando datos para la identificaci\u00f3n del sujeto, el cual al huir abandon\u00f3 los elementos sustraidos.<\/p>\n\n\n\n<p>De inmediato se satur\u00f3 el sector logrando identificar al sospechoso, en techos colindantes, donde luego de una persecuci\u00f3n de infante, se logr\u00f3 aprehender a un joven de 20 a\u00f1os de edad, de Las Varillas, que fue alojado en comisaria Las varillas a disposici\u00f3n de fiscal\u00eda de Instrucci\u00f3n.<\/p>\n\n\n\n<p>LAS VARILLAS ACCIDENTE DE TR\u00c1NSITO<br>Ocurrio en la tarde del domingo en calle La Pampa esquina Antonio Palmero, donde colisionaron un Chevrolet Prisma, que era conducido por una mujer que se dirig\u00eda por La Pampa de oeste a este, y una motocicleta Honda Wave, que era conducida por un hombre que se dirig\u00eda por Antonio Palmero de norte a sur. Se hizo presente el servicio de emergencias, trasladando al motociclista al hospital D. Montoya, donde se le diagnostic\u00f3 politraumatismos varios.<\/p>\n\n\n\n<figure class=\"wp-block-image size-large\"><img decoding=\"async\" src=\"https:\/\/i.ibb.co\/PN0NZQ8\/polici.jpg\" alt=\"\"\/><\/figure>\n","protected":false},"excerpt":{"rendered":"<p>A primeras horas del domingo, efectivos policiales en respuesta al llamado de un vecino de calle Alte. Brown al 300, el cual denuncio, que un sujeto intent\u00f3 sustraerle del patio&hellip; <\/p>\n","protected":false},"author":2,"featured_media":7249,"comment_status":"open","ping_status":"open","sticky":false,"template":"","format":"standard","meta":{"footnotes":""},"categories":[3],"tags":[],"class_list":["post-7247","post","type-post","status-publish","format-standard","has-post-thumbnail","hentry","category-policiales"],"views":248,"_links":{"self":[{"href":"https:\/\/fmalicia.com.ar\/index.php?rest_route=\/wp\/v2\/posts\/7247","targetHints":{"allow":["GET"]}}],"collection":[{"href":"https:\/\/fmalicia.com.ar\/index.php?rest_route=\/wp\/v2\/posts"}],"about":[{"href":"https:\/\/fmalicia.com.ar\/index.php?rest_route=\/wp\/v2\/types\/post"}],"author":[{"embeddable":true,"href":"https:\/\/fmalicia.com.ar\/index.php?rest_route=\/wp\/v2\/users\/2"}],"replies":[{"embeddable":true,"href":"https:\/\/fmalicia.com.ar\/index.php?rest_route=%2Fwp%2Fv2%2Fcomments&post=7247"}],"version-history":[{"count":3,"href":"https:\/\/fmalicia.com.ar\/index.php?rest_route=\/wp\/v2\/posts\/7247\/revisions"}],"predecessor-version":[{"id":7252,"href":"https:\/\/fmalicia.com.ar\/index.php?rest_route=\/wp\/v2\/posts\/7247\/revisions\/7252"}],"wp:featuredmedia":[{"embeddable":true,"href":"https:\/\/fmalicia.com.ar\/index.php?rest_route=\/wp\/v2\/media\/7249"}],"wp:attachment":[{"href":"https:\/\/fmalicia.com.ar\/index.php?rest_route=%2Fwp%2Fv2%2Fmedia&parent=7247"}],"wp:term":[{"taxonomy":"category","embeddable":true,"href":"https:\/\/fmalicia.com.ar\/index.php?rest_route=%2Fwp%2Fv2%2Fcategories&post=7247"},{"taxonomy":"post_tag","embeddable":true,"href":"https:\/\/fmalicia.com.ar\/index.php?rest_route=%2Fwp%2Fv2%2Ftags&post=7247"}],"curies":[{"name":"wp","href":"https:\/\/api.w.org\/{rel}","templated":true}]}}