{"id":7237,"date":"2020-12-13T09:21:25","date_gmt":"2020-12-13T12:21:25","guid":{"rendered":"https:\/\/fmalicia.com.ar\/?p=7237"},"modified":"2020-12-18T10:35:13","modified_gmt":"2020-12-18T13:35:13","slug":"el-seminarista-leonardo-ortiz-y-es-candidato-a-las-sagradas-ordenes","status":"publish","type":"post","link":"https:\/\/fmalicia.com.ar\/?p=7237","title":{"rendered":"El seminarista Leonardo Ortiz ya es candidato a las Sagradas \u00d3rdenes !"},"content":{"rendered":"\n<p>La celebraci\u00f3n de la Eucarist\u00eda, en la fiesta de Nuestra Se\u00f1ora de Guadalupe, fue el marco en el cual nuestro obispo Sergio Buenanueva admiti\u00f3 como candidato a las Sagradas \u00d3rdenes al seminarista de nuestra Di\u00f3cesis de San Francisco, Leonardo Ortiz. Contamos con la presencia de j\u00f3venes seminaristas de las Di\u00f3cesis de R\u00edo Cuarto y Cruz del Eje, compa\u00f1eros de formaci\u00f3n de Leonardo, esto nos anima y motiva a continuar orando por la perseverancia de los j\u00f3venes que se preparan para ser pastores del Pueblo de Dios. La comunidad parroquial recibi\u00f3 con calidez y alegr\u00eda a los sacerdotes de nuestra Di\u00f3cesis que nos visitaron con motivo de la celebraci\u00f3n, los padres Gustavo Zaninnetti, Gustavo Ballario, Daniel Cavallo, Gabriel Ghione como tambi\u00e9n los sacerdotes del seminario Jes\u00fas Buen Pastor de la di\u00f3cesis de R\u00edo Cuarto Gerardo y David en el cual se forma Leonardo.Agradezco la presencia y la oraci\u00f3n de la comunidad religiosa de las hermanas Dominicas de San Jos\u00e9 de Las Varillas, miembros de la comunidad de El Fort\u00edn y familiares del padre Sergio que se sumaron para acompa\u00f1ar a Leonardo en este nuevo paso en su formaci\u00f3n.<img loading=\"lazy\" decoding=\"async\" height=\"16\" width=\"16\" alt=\"&#x1f525;\" src=\"https:\/\/static.xx.fbcdn.net\/images\/emoji.php\/v9\/t50\/1\/16\/1f525.png\">JES\u00daS BUEN PASTOR, CONTIN\u00daA LLAMANDO A J\u00d3VENES A SEGUIR SUS PASOS<img loading=\"lazy\" decoding=\"async\" height=\"16\" width=\"16\" alt=\"&#x1f463;\" src=\"https:\/\/static.xx.fbcdn.net\/images\/emoji.php\/v9\/t89\/1\/16\/1f463.png\"><img loading=\"lazy\" decoding=\"async\" height=\"16\" width=\"16\" alt=\"&#x1f463;\" src=\"https:\/\/static.xx.fbcdn.net\/images\/emoji.php\/v9\/t89\/1\/16\/1f463.png\">En este camino de adviento sea Mar\u00eda aquella nos de la gracia de conservar siempre un coraz\u00f3n de disc\u00edpulo<\/p>\n\n\n\n<p> Padre Sergio Fernandez Nieri<\/p>\n\n\n\n<figure class=\"wp-block-image size-large is-resized\"><img loading=\"lazy\" decoding=\"async\" src=\"https:\/\/i.ibb.co\/JmH0FpF\/1.jpghttps:\/\/i.ibb.co\/JmH0FpF\/1.jpg\" alt=\"\" width=\"678\" height=\"904\"\/><\/figure>\n\n\n\n<figure class=\"wp-block-image size-large is-resized\"><img loading=\"lazy\" decoding=\"async\" src=\"https:\/\/i.ibb.co\/wBPgLjh\/2.jpg\" alt=\"\" width=\"688\" height=\"415\"\/><\/figure>\n\n\n\n<figure class=\"wp-block-image size-large is-resized\"><img loading=\"lazy\" decoding=\"async\" src=\"https:\/\/i.ibb.co\/0YFkRwG\/3.jpg\" alt=\"\" width=\"676\" height=\"507\"\/><\/figure>\n\n\n\n<figure class=\"wp-block-image size-large is-resized\"><img loading=\"lazy\" decoding=\"async\" src=\"https:\/\/i.ibb.co\/0YFkRwG\/3.jpg\" alt=\"\" width=\"680\" height=\"510\"\/><\/figure>\n\n\n\n<figure class=\"wp-block-image size-large is-resized\"><img loading=\"lazy\" decoding=\"async\" src=\"https:\/\/i.ibb.co\/D74hPz9\/6.jpg\" alt=\"\" width=\"679\" height=\"905\"\/><\/figure>\n\n\n\n<figure class=\"wp-block-image size-large is-resized\"><img loading=\"lazy\" decoding=\"async\" src=\"https:\/\/i.ibb.co\/wdhSWH5\/8.jpg\" alt=\"\" width=\"680\" height=\"510\"\/><\/figure>\n\n\n\n\n\n<figure class=\"wp-block-image size-large is-resized\"><img loading=\"lazy\" decoding=\"async\" src=\"https:\/\/i.ibb.co\/fkgpvH2\/9.jpg\" alt=\"\" width=\"679\" height=\"509\"\/><\/figure>\n\n\n\n<figure class=\"wp-block-image size-large is-resized\"><img loading=\"lazy\" decoding=\"async\" src=\"https:\/\/i.ibb.co\/PQwPrLv\/10.jpg\" alt=\"\" width=\"677\" height=\"381\"\/><\/figure>\n\n\n\n<figure class=\"wp-block-image size-large is-resized\"><img loading=\"lazy\" decoding=\"async\" src=\"https:\/\/i.ibb.co\/YQFcjvJ\/11.jpg\" alt=\"\" width=\"674\" height=\"506\"\/><\/figure>\n\n\n\n<p>Desde nuestros medios FM Alicia Contenidos felicitamos a nuestro amigo Leo y agradecemos el informe al Padre Sergio!<\/p>\n","protected":false},"excerpt":{"rendered":"<p>La celebraci\u00f3n de la Eucarist\u00eda, en la fiesta de Nuestra Se\u00f1ora de Guadalupe, fue el marco en el cual nuestro obispo Sergio Buenanueva admiti\u00f3 como candidato a las Sagradas \u00d3rdenes&hellip; <\/p>\n","protected":false},"author":2,"featured_media":7239,"comment_status":"open","ping_status":"open","sticky":false,"template":"","format":"standard","meta":{"footnotes":""},"categories":[17,4,5,2],"tags":[],"class_list":["post-7237","post","type-post","status-publish","format-standard","has-post-thumbnail","hentry","category-destacadas","category-locales","category-regionales","category-sociedad"],"views":530,"_links":{"self":[{"href":"https:\/\/fmalicia.com.ar\/index.php?rest_route=\/wp\/v2\/posts\/7237","targetHints":{"allow":["GET"]}}],"collection":[{"href":"https:\/\/fmalicia.com.ar\/index.php?rest_route=\/wp\/v2\/posts"}],"about":[{"href":"https:\/\/fmalicia.com.ar\/index.php?rest_route=\/wp\/v2\/types\/post"}],"author":[{"embeddable":true,"href":"https:\/\/fmalicia.com.ar\/index.php?rest_route=\/wp\/v2\/users\/2"}],"replies":[{"embeddable":true,"href":"https:\/\/fmalicia.com.ar\/index.php?rest_route=%2Fwp%2Fv2%2Fcomments&post=7237"}],"version-history":[{"count":2,"href":"https:\/\/fmalicia.com.ar\/index.php?rest_route=\/wp\/v2\/posts\/7237\/revisions"}],"predecessor-version":[{"id":7243,"href":"https:\/\/fmalicia.com.ar\/index.php?rest_route=\/wp\/v2\/posts\/7237\/revisions\/7243"}],"wp:featuredmedia":[{"embeddable":true,"href":"https:\/\/fmalicia.com.ar\/index.php?rest_route=\/wp\/v2\/media\/7239"}],"wp:attachment":[{"href":"https:\/\/fmalicia.com.ar\/index.php?rest_route=%2Fwp%2Fv2%2Fmedia&parent=7237"}],"wp:term":[{"taxonomy":"category","embeddable":true,"href":"https:\/\/fmalicia.com.ar\/index.php?rest_route=%2Fwp%2Fv2%2Fcategories&post=7237"},{"taxonomy":"post_tag","embeddable":true,"href":"https:\/\/fmalicia.com.ar\/index.php?rest_route=%2Fwp%2Fv2%2Ftags&post=7237"}],"curies":[{"name":"wp","href":"https:\/\/api.w.org\/{rel}","templated":true}]}}