{"id":6106,"date":"2021-06-07T08:16:00","date_gmt":"2021-06-07T11:16:00","guid":{"rendered":"https:\/\/fmalicia.com.ar\/?p=6106"},"modified":"2021-06-07T09:07:28","modified_gmt":"2021-06-07T12:07:28","slug":"lalo-freyre-recuerdos-de-casa-gilardoni-y-otros-condimentos-para-una-buena-charla","status":"publish","type":"post","link":"https:\/\/fmalicia.com.ar\/?p=6106","title":{"rendered":"Lalo Freyre, el periodista destacado orgullo de los alice\u00f1os:"},"content":{"rendered":"\n<p>Hace un tiempo manten\u00edamos una hermosa charla con un alice\u00f1o que trascendi\u00f3 en su profesion! Eduardo &#8220;Lalo&#8221; Freyre. Hoy en el dia del periodista argentino,  homenajeando a todos los periodistas en su dia, recordamos esa agradable nota:<\/p>\n\n\n\n<p>En estos duros tiempos de pandemia,  aislamiento y adaptaci\u00f3n a nueva manera de vivir, una nota que me hizo sentir por un momento una mayor oxigenaci\u00f3n, un sabor a &#8220;meta cumplida&#8221; aunque estemos a medio camino.<\/p>\n\n\n\n<p>Una amena charla con un destacado periodista, que orgullosamente podermos darnos el gusto de decir &#8220;es un muchacho de mi pueblo&#8221;, gran placer entrevistar a &#8220;Lalo Freyre&#8221;quien desde su sencillez nos cuenta detalles de su ni\u00f1ez y adolescencia en Casa Gilardoni . Adem\u00e1s personalmente aprovech\u00e9 a dispararle unas cuantas preguntas, que siempre quise hacerle, por su destacada labor period\u00edstica reconocida en todos los niveles, compartimos la nota:<\/p>\n\n\n\n<div><iframe loading=\"lazy\" width=\"300\" height=\"60\" src=\"https:\/\/vocaroo.com\/embed\/1fvRF2B9b6we\" frameborder=\"0\"><\/iframe><br><a href=\"https:\/\/voca.ro\/1fvRF2B9b6we\" title=\"Grabadora de voz Vocaroo\" target=\"_blank\" rel=\"noopener noreferrer\">Ver en Vocaroo &gt;&gt;<\/a><\/div>\n\n\n\n<figure class=\"wp-block-image size-large is-resized\"><img loading=\"lazy\" decoding=\"async\" src=\"https:\/\/i.ibb.co\/KzzdQvf\/Whats-App-Image-2020-11-11-at-14-56-54.jpg\" alt=\"\" width=\"678\" height=\"889\"\/><figcaption>Lalo Freyre un alice\u00f1o de ley<\/figcaption><\/figure>\n\n\n\n<p>Nota: Lacho Marshall<\/p>\n","protected":false},"excerpt":{"rendered":"<p>Hace un tiempo manten\u00edamos una hermosa charla con un alice\u00f1o que trascendi\u00f3 en su profesion! Eduardo &#8220;Lalo&#8221; Freyre. Hoy en el dia del periodista argentino, homenajeando a todos los periodistas&hellip; <\/p>\n","protected":false},"author":2,"featured_media":6109,"comment_status":"open","ping_status":"open","sticky":false,"template":"","format":"standard","meta":{"footnotes":""},"categories":[1,17,4,2],"tags":[],"class_list":["post-6106","post","type-post","status-publish","format-standard","has-post-thumbnail","hentry","category-culturales","category-destacadas","category-locales","category-sociedad"],"views":1827,"_links":{"self":[{"href":"https:\/\/fmalicia.com.ar\/index.php?rest_route=\/wp\/v2\/posts\/6106","targetHints":{"allow":["GET"]}}],"collection":[{"href":"https:\/\/fmalicia.com.ar\/index.php?rest_route=\/wp\/v2\/posts"}],"about":[{"href":"https:\/\/fmalicia.com.ar\/index.php?rest_route=\/wp\/v2\/types\/post"}],"author":[{"embeddable":true,"href":"https:\/\/fmalicia.com.ar\/index.php?rest_route=\/wp\/v2\/users\/2"}],"replies":[{"embeddable":true,"href":"https:\/\/fmalicia.com.ar\/index.php?rest_route=%2Fwp%2Fv2%2Fcomments&post=6106"}],"version-history":[{"count":3,"href":"https:\/\/fmalicia.com.ar\/index.php?rest_route=\/wp\/v2\/posts\/6106\/revisions"}],"predecessor-version":[{"id":11260,"href":"https:\/\/fmalicia.com.ar\/index.php?rest_route=\/wp\/v2\/posts\/6106\/revisions\/11260"}],"wp:featuredmedia":[{"embeddable":true,"href":"https:\/\/fmalicia.com.ar\/index.php?rest_route=\/wp\/v2\/media\/6109"}],"wp:attachment":[{"href":"https:\/\/fmalicia.com.ar\/index.php?rest_route=%2Fwp%2Fv2%2Fmedia&parent=6106"}],"wp:term":[{"taxonomy":"category","embeddable":true,"href":"https:\/\/fmalicia.com.ar\/index.php?rest_route=%2Fwp%2Fv2%2Fcategories&post=6106"},{"taxonomy":"post_tag","embeddable":true,"href":"https:\/\/fmalicia.com.ar\/index.php?rest_route=%2Fwp%2Fv2%2Ftags&post=6106"}],"curies":[{"name":"wp","href":"https:\/\/api.w.org\/{rel}","templated":true}]}}