{"id":38099,"date":"2026-08-31T10:42:31","date_gmt":"2026-08-31T13:42:31","guid":{"rendered":"https:\/\/fmalicia.com.ar\/?p=38099"},"modified":"2026-08-31T10:42:32","modified_gmt":"2026-08-31T13:42:32","slug":"trabajas-con-alimentos-esta-informacion-es-para-vos","status":"publish","type":"post","link":"https:\/\/fmalicia.com.ar\/?p=38099","title":{"rendered":"\u00bfTrabaj\u00e1s con alimentos? Esta informaci\u00f3n es para vos."},"content":{"rendered":"\n<p class=\"wp-block-paragraph\">Se viene una nueva capacitaci\u00f3n para obtener o renovar el Carnet de Manipulador de Alimentos, a cargo de la T\u00e9c. Ailen Guardia, Bromat\u00f3loga.<br>&#x1f4cc;Agend\u00e1:<\/p>\n\n\n\n<p class=\"wp-block-paragraph\">Capacitaci\u00f3n: 8 y 9 de septiembre | 14 hs.<br>Examen y renovaci\u00f3n: 16 de septiembre | 14 hs.<br>Sala 2 Anexo Municipal | Belgrano esq. Entre R\u00edos<\/p>\n\n\n\n<p class=\"wp-block-paragraph\">Consultas: (3537) 68-7222<\/p>\n\n\n\n<p class=\"wp-block-paragraph\">Una herramienta fundamental para trabajar de manera segura y responsable con los alimentos.<\/p>\n\n\n\n<figure class=\"wp-block-image size-large\"><img loading=\"lazy\" decoding=\"async\" width=\"819\" height=\"1024\" src=\"https:\/\/fmalicia.com.ar\/wp-content\/uploads\/2026\/08\/WhatsApp-Image-2026-08-31-at-10.34.03-AM-819x1024.jpeg\" alt=\"\" class=\"wp-image-38100\" srcset=\"https:\/\/fmalicia.com.ar\/wp-content\/uploads\/2026\/08\/WhatsApp-Image-2026-08-31-at-10.34.03-AM-819x1024.jpeg 819w, https:\/\/fmalicia.com.ar\/wp-content\/uploads\/2026\/08\/WhatsApp-Image-2026-08-31-at-10.34.03-AM-240x300.jpeg 240w, https:\/\/fmalicia.com.ar\/wp-content\/uploads\/2026\/08\/WhatsApp-Image-2026-08-31-at-10.34.03-AM-768x960.jpeg 768w, https:\/\/fmalicia.com.ar\/wp-content\/uploads\/2026\/08\/WhatsApp-Image-2026-08-31-at-10.34.03-AM-1228x1536.jpeg 1228w, https:\/\/fmalicia.com.ar\/wp-content\/uploads\/2026\/08\/WhatsApp-Image-2026-08-31-at-10.34.03-AM-1638x2048.jpeg 1638w, https:\/\/fmalicia.com.ar\/wp-content\/uploads\/2026\/08\/WhatsApp-Image-2026-08-31-at-10.34.03-AM.jpeg 2047w\" sizes=\"auto, (max-width: 819px) 100vw, 819px\" \/><\/figure>\n","protected":false},"excerpt":{"rendered":"<p>Se viene una nueva capacitaci\u00f3n para obtener o renovar el Carnet de Manipulador de Alimentos, a cargo de la T\u00e9c. Ailen Guardia, Bromat\u00f3loga.&#x1f4cc;Agend\u00e1: Capacitaci\u00f3n: 8 y 9 de septiembre |&hellip; <\/p>\n","protected":false},"author":2,"featured_media":38100,"comment_status":"closed","ping_status":"closed","sticky":false,"template":"","format":"standard","meta":{"footnotes":""},"categories":[17,4,2],"tags":[],"class_list":["post-38099","post","type-post","status-publish","format-standard","has-post-thumbnail","hentry","category-destacadas","category-locales","category-sociedad"],"views":6,"_links":{"self":[{"href":"https:\/\/fmalicia.com.ar\/index.php?rest_route=\/wp\/v2\/posts\/38099","targetHints":{"allow":["GET"]}}],"collection":[{"href":"https:\/\/fmalicia.com.ar\/index.php?rest_route=\/wp\/v2\/posts"}],"about":[{"href":"https:\/\/fmalicia.com.ar\/index.php?rest_route=\/wp\/v2\/types\/post"}],"author":[{"embeddable":true,"href":"https:\/\/fmalicia.com.ar\/index.php?rest_route=\/wp\/v2\/users\/2"}],"replies":[{"embeddable":true,"href":"https:\/\/fmalicia.com.ar\/index.php?rest_route=%2Fwp%2Fv2%2Fcomments&post=38099"}],"version-history":[{"count":1,"href":"https:\/\/fmalicia.com.ar\/index.php?rest_route=\/wp\/v2\/posts\/38099\/revisions"}],"predecessor-version":[{"id":38101,"href":"https:\/\/fmalicia.com.ar\/index.php?rest_route=\/wp\/v2\/posts\/38099\/revisions\/38101"}],"wp:featuredmedia":[{"embeddable":true,"href":"https:\/\/fmalicia.com.ar\/index.php?rest_route=\/wp\/v2\/media\/38100"}],"wp:attachment":[{"href":"https:\/\/fmalicia.com.ar\/index.php?rest_route=%2Fwp%2Fv2%2Fmedia&parent=38099"}],"wp:term":[{"taxonomy":"category","embeddable":true,"href":"https:\/\/fmalicia.com.ar\/index.php?rest_route=%2Fwp%2Fv2%2Fcategories&post=38099"},{"taxonomy":"post_tag","embeddable":true,"href":"https:\/\/fmalicia.com.ar\/index.php?rest_route=%2Fwp%2Fv2%2Ftags&post=38099"}],"curies":[{"name":"wp","href":"https:\/\/api.w.org\/{rel}","templated":true}]}}