{"id":38097,"date":"2026-08-31T10:36:43","date_gmt":"2026-08-31T13:36:43","guid":{"rendered":"https:\/\/fmalicia.com.ar\/?p=38097"},"modified":"2026-08-31T10:36:44","modified_gmt":"2026-08-31T13:36:44","slug":"accidente-de-transito-lesiones-graves-3","status":"publish","type":"post","link":"https:\/\/fmalicia.com.ar\/?p=38097","title":{"rendered":"ACCIDENTE DE TR\u00c1NSITO- LESIONES GRAVES."},"content":{"rendered":"\n<p class=\"wp-block-paragraph\">La Unidad Regional Departamental San Justo informa que, durante la noche del domingo personal policial intervino en un accidente de tr\u00e1nsito ocurrido en la ciudad de Las Varillas.<\/p>\n\n\n\n<p class=\"wp-block-paragraph\">El hecho se registr\u00f3 en la intersecci\u00f3n de Ruta Provincial N.\u00ba 13 e Intendente Viotti, donde, por causas que se tratan de establecer, un autom\u00f3vil Renault Sandero colision\u00f3 con una motocicleta Honda Biz.<\/p>\n\n\n\n<p class=\"wp-block-paragraph\">Como consecuencia del impacto, el conductor de la motocicleta, un hombre de 41 a\u00f1os, fue asistido en el lugar por el servicio de emergencias y trasladado al Hospital Dr. Diego Montoya.<\/p>\n\n\n\n<figure class=\"wp-block-image size-full\"><img loading=\"lazy\" decoding=\"async\" width=\"304\" height=\"166\" src=\"https:\/\/fmalicia.com.ar\/wp-content\/uploads\/2024\/05\/policia.jpg\" alt=\"\" class=\"wp-image-24576\" srcset=\"https:\/\/fmalicia.com.ar\/wp-content\/uploads\/2024\/05\/policia.jpg 304w, https:\/\/fmalicia.com.ar\/wp-content\/uploads\/2024\/05\/policia-300x164.jpg 300w\" sizes=\"auto, (max-width: 304px) 100vw, 304px\" \/><\/figure>\n\n\n\n<p class=\"wp-block-paragraph\">Tras ser examinado por el personal m\u00e9dico, se le diagnostic\u00f3 fractura de f\u00e9mur izquierdo, calific\u00e1ndose las lesiones como graves.<\/p>\n","protected":false},"excerpt":{"rendered":"<p>La Unidad Regional Departamental San Justo informa que, durante la noche del domingo personal policial intervino en un accidente de tr\u00e1nsito ocurrido en la ciudad de Las Varillas. El hecho&hellip; <\/p>\n","protected":false},"author":2,"featured_media":24576,"comment_status":"closed","ping_status":"closed","sticky":false,"template":"","format":"standard","meta":{"footnotes":""},"categories":[17,3,5],"tags":[],"class_list":["post-38097","post","type-post","status-publish","format-standard","has-post-thumbnail","hentry","category-destacadas","category-policiales","category-regionales"],"views":7,"_links":{"self":[{"href":"https:\/\/fmalicia.com.ar\/index.php?rest_route=\/wp\/v2\/posts\/38097","targetHints":{"allow":["GET"]}}],"collection":[{"href":"https:\/\/fmalicia.com.ar\/index.php?rest_route=\/wp\/v2\/posts"}],"about":[{"href":"https:\/\/fmalicia.com.ar\/index.php?rest_route=\/wp\/v2\/types\/post"}],"author":[{"embeddable":true,"href":"https:\/\/fmalicia.com.ar\/index.php?rest_route=\/wp\/v2\/users\/2"}],"replies":[{"embeddable":true,"href":"https:\/\/fmalicia.com.ar\/index.php?rest_route=%2Fwp%2Fv2%2Fcomments&post=38097"}],"version-history":[{"count":1,"href":"https:\/\/fmalicia.com.ar\/index.php?rest_route=\/wp\/v2\/posts\/38097\/revisions"}],"predecessor-version":[{"id":38098,"href":"https:\/\/fmalicia.com.ar\/index.php?rest_route=\/wp\/v2\/posts\/38097\/revisions\/38098"}],"wp:featuredmedia":[{"embeddable":true,"href":"https:\/\/fmalicia.com.ar\/index.php?rest_route=\/wp\/v2\/media\/24576"}],"wp:attachment":[{"href":"https:\/\/fmalicia.com.ar\/index.php?rest_route=%2Fwp%2Fv2%2Fmedia&parent=38097"}],"wp:term":[{"taxonomy":"category","embeddable":true,"href":"https:\/\/fmalicia.com.ar\/index.php?rest_route=%2Fwp%2Fv2%2Fcategories&post=38097"},{"taxonomy":"post_tag","embeddable":true,"href":"https:\/\/fmalicia.com.ar\/index.php?rest_route=%2Fwp%2Fv2%2Ftags&post=38097"}],"curies":[{"name":"wp","href":"https:\/\/api.w.org\/{rel}","templated":true}]}}