{"id":38091,"date":"2026-08-30T21:07:20","date_gmt":"2026-08-31T00:07:20","guid":{"rendered":"https:\/\/fmalicia.com.ar\/?p=38091"},"modified":"2026-08-30T21:09:10","modified_gmt":"2026-08-31T00:09:10","slug":"parte-de-prensa-oficial","status":"publish","type":"post","link":"https:\/\/fmalicia.com.ar\/?p=38091","title":{"rendered":"PARTE DE PRENSA OFICIAL:"},"content":{"rendered":"\n<p class=\"wp-block-paragraph\">LAS VARILLAS &#8211; ACCIDENTE DE TR\u00c1NSITO FATAL<\/p>\n\n\n\n<p class=\"wp-block-paragraph\">La Unidad Regional Departamental San Justo informa que, durante la tarde de este viernes, personal policial intervino en un accidente de tr\u00e1nsito fatal ocurrido sobre la Ruta Provincial 13, en jurisdicci\u00f3n de Las Varillas.<\/p>\n\n\n\n<p class=\"wp-block-paragraph\">El hecho se registr\u00f3 a la altura del kil\u00f3metro 119, donde una camioneta Chevrolet S10, color gris, por causas que se tratan de establecer, perdi\u00f3 el control, sali\u00f3 de la carpeta asf\u00e1ltica y efectu\u00f3 varios tumbos.<\/p>\n\n\n\n<p class=\"wp-block-paragraph\">El veh\u00edculo era conducido por un hombre de 61 a\u00f1os, oriundo de la localidad de Pozo del Molle, quien era su \u00fanico ocupante.<\/p>\n\n\n\n<p class=\"wp-block-paragraph\">En el lugar se hizo presente el servicio de emergencias EMA, quien constat\u00f3 el fallecimiento del conductor.<\/p>\n\n\n\n<p class=\"wp-block-paragraph\">Interviene Fiscalia de Las Varillas<\/p>\n\n\n\n<figure class=\"wp-block-image size-full\"><img loading=\"lazy\" decoding=\"async\" width=\"304\" height=\"166\" src=\"https:\/\/fmalicia.com.ar\/wp-content\/uploads\/2024\/05\/policia.jpg\" alt=\"\" class=\"wp-image-24576\" srcset=\"https:\/\/fmalicia.com.ar\/wp-content\/uploads\/2024\/05\/policia.jpg 304w, https:\/\/fmalicia.com.ar\/wp-content\/uploads\/2024\/05\/policia-300x164.jpg 300w\" sizes=\"auto, (max-width: 304px) 100vw, 304px\" \/><\/figure>\n","protected":false},"excerpt":{"rendered":"<p>LAS VARILLAS &#8211; ACCIDENTE DE TR\u00c1NSITO FATAL La Unidad Regional Departamental San Justo informa que, durante la tarde de este viernes, personal policial intervino en un accidente de tr\u00e1nsito fatal&hellip; <\/p>\n","protected":false},"author":2,"featured_media":24576,"comment_status":"closed","ping_status":"closed","sticky":false,"template":"","format":"standard","meta":{"footnotes":""},"categories":[17,3],"tags":[],"class_list":["post-38091","post","type-post","status-publish","format-standard","has-post-thumbnail","hentry","category-destacadas","category-policiales"],"views":6,"_links":{"self":[{"href":"https:\/\/fmalicia.com.ar\/index.php?rest_route=\/wp\/v2\/posts\/38091","targetHints":{"allow":["GET"]}}],"collection":[{"href":"https:\/\/fmalicia.com.ar\/index.php?rest_route=\/wp\/v2\/posts"}],"about":[{"href":"https:\/\/fmalicia.com.ar\/index.php?rest_route=\/wp\/v2\/types\/post"}],"author":[{"embeddable":true,"href":"https:\/\/fmalicia.com.ar\/index.php?rest_route=\/wp\/v2\/users\/2"}],"replies":[{"embeddable":true,"href":"https:\/\/fmalicia.com.ar\/index.php?rest_route=%2Fwp%2Fv2%2Fcomments&post=38091"}],"version-history":[{"count":1,"href":"https:\/\/fmalicia.com.ar\/index.php?rest_route=\/wp\/v2\/posts\/38091\/revisions"}],"predecessor-version":[{"id":38092,"href":"https:\/\/fmalicia.com.ar\/index.php?rest_route=\/wp\/v2\/posts\/38091\/revisions\/38092"}],"wp:featuredmedia":[{"embeddable":true,"href":"https:\/\/fmalicia.com.ar\/index.php?rest_route=\/wp\/v2\/media\/24576"}],"wp:attachment":[{"href":"https:\/\/fmalicia.com.ar\/index.php?rest_route=%2Fwp%2Fv2%2Fmedia&parent=38091"}],"wp:term":[{"taxonomy":"category","embeddable":true,"href":"https:\/\/fmalicia.com.ar\/index.php?rest_route=%2Fwp%2Fv2%2Fcategories&post=38091"},{"taxonomy":"post_tag","embeddable":true,"href":"https:\/\/fmalicia.com.ar\/index.php?rest_route=%2Fwp%2Fv2%2Ftags&post=38091"}],"curies":[{"name":"wp","href":"https:\/\/api.w.org\/{rel}","templated":true}]}}