{"id":38089,"date":"2026-08-30T21:04:56","date_gmt":"2026-08-31T00:04:56","guid":{"rendered":"https:\/\/fmalicia.com.ar\/?p=38089"},"modified":"2026-08-30T21:06:01","modified_gmt":"2026-08-31T00:06:01","slug":"allanamiento-positivo-con-secuestro-de-elementos-en-investigacion-por-roboen-las-varillas","status":"publish","type":"post","link":"https:\/\/fmalicia.com.ar\/?p=38089","title":{"rendered":"ALLANAMIENTO POSITIVO CON SECUESTRO DE ELEMENTOS EN INVESTIGACI\u00d3N POR ROBOEN LAS VARILLAS"},"content":{"rendered":"\n<p class=\"wp-block-paragraph\">Durante la madrugada de este domingo, personal de la Divisi\u00f3n Investigaciones llev\u00f3 adelante dos allanamientos en la ciudad de Las Varillas, en el marco de una investigaci\u00f3n por un hecho de robo.<\/p>\n\n\n\n<p class=\"wp-block-paragraph\">El procedimiento se registr\u00f3 en un domicilio de calle Mariano Moreno, donde la diligencia judicial arroj\u00f3 resultado positivo, procedi\u00e9ndose al secuestro de un autom\u00f3vil Peugeot 207, documentaci\u00f3n de inter\u00e9s para la causa y un tel\u00e9fono celular.<\/p>\n\n\n\n<p class=\"wp-block-paragraph\">Posteriormente, se diligenci\u00f3 una segunda orden de allanamiento arrojando resultado negativo.<\/p>\n\n\n\n<p class=\"wp-block-paragraph\">Los procedimientos se encuentran relacionados con un hecho de robo.<\/p>\n\n\n\n<figure class=\"wp-block-image size-full\"><img loading=\"lazy\" decoding=\"async\" width=\"304\" height=\"166\" src=\"https:\/\/fmalicia.com.ar\/wp-content\/uploads\/2024\/05\/policia.jpg\" alt=\"\" class=\"wp-image-24576\" srcset=\"https:\/\/fmalicia.com.ar\/wp-content\/uploads\/2024\/05\/policia.jpg 304w, https:\/\/fmalicia.com.ar\/wp-content\/uploads\/2024\/05\/policia-300x164.jpg 300w\" sizes=\"auto, (max-width: 304px) 100vw, 304px\" \/><\/figure>\n","protected":false},"excerpt":{"rendered":"<p>Durante la madrugada de este domingo, personal de la Divisi\u00f3n Investigaciones llev\u00f3 adelante dos allanamientos en la ciudad de Las Varillas, en el marco de una investigaci\u00f3n por un hecho&hellip; <\/p>\n","protected":false},"author":2,"featured_media":24576,"comment_status":"closed","ping_status":"closed","sticky":false,"template":"","format":"standard","meta":{"footnotes":""},"categories":[17,3,5],"tags":[],"class_list":["post-38089","post","type-post","status-publish","format-standard","has-post-thumbnail","hentry","category-destacadas","category-policiales","category-regionales"],"views":7,"_links":{"self":[{"href":"https:\/\/fmalicia.com.ar\/index.php?rest_route=\/wp\/v2\/posts\/38089","targetHints":{"allow":["GET"]}}],"collection":[{"href":"https:\/\/fmalicia.com.ar\/index.php?rest_route=\/wp\/v2\/posts"}],"about":[{"href":"https:\/\/fmalicia.com.ar\/index.php?rest_route=\/wp\/v2\/types\/post"}],"author":[{"embeddable":true,"href":"https:\/\/fmalicia.com.ar\/index.php?rest_route=\/wp\/v2\/users\/2"}],"replies":[{"embeddable":true,"href":"https:\/\/fmalicia.com.ar\/index.php?rest_route=%2Fwp%2Fv2%2Fcomments&post=38089"}],"version-history":[{"count":1,"href":"https:\/\/fmalicia.com.ar\/index.php?rest_route=\/wp\/v2\/posts\/38089\/revisions"}],"predecessor-version":[{"id":38090,"href":"https:\/\/fmalicia.com.ar\/index.php?rest_route=\/wp\/v2\/posts\/38089\/revisions\/38090"}],"wp:featuredmedia":[{"embeddable":true,"href":"https:\/\/fmalicia.com.ar\/index.php?rest_route=\/wp\/v2\/media\/24576"}],"wp:attachment":[{"href":"https:\/\/fmalicia.com.ar\/index.php?rest_route=%2Fwp%2Fv2%2Fmedia&parent=38089"}],"wp:term":[{"taxonomy":"category","embeddable":true,"href":"https:\/\/fmalicia.com.ar\/index.php?rest_route=%2Fwp%2Fv2%2Fcategories&post=38089"},{"taxonomy":"post_tag","embeddable":true,"href":"https:\/\/fmalicia.com.ar\/index.php?rest_route=%2Fwp%2Fv2%2Ftags&post=38089"}],"curies":[{"name":"wp","href":"https:\/\/api.w.org\/{rel}","templated":true}]}}