{"id":3773,"date":"2020-08-31T09:55:02","date_gmt":"2020-08-31T12:55:02","guid":{"rendered":"https:\/\/fmalicia.com.ar\/?p=3773"},"modified":"2020-08-31T09:55:05","modified_gmt":"2020-08-31T12:55:05","slug":"laspiur-detenido-por-homicidio","status":"publish","type":"post","link":"https:\/\/fmalicia.com.ar\/?p=3773","title":{"rendered":"Laspiur: Detenido por homicidio"},"content":{"rendered":"\n<p>Pasadas las 20:30hs del domingo 30, efectivos policiales fueron solicitados en un bar comedor ubicado en Dr. Lamelas al 500 donde, en una pelea de dos hombres, uno de ellos de 43 a\u00f1os, de Laspiur, fue herido con un arma blanca en la zona abdominal, por lo que fue trasladado al dispensario local y derivado al hospital de San Francisco, donde se constat\u00f3 su fallecimiento.<\/p>\n\n\n\n<p> A esas circunstancias, se present\u00f3 en dependencia policial un hombre de 24 a\u00f1os de edad de Laspiur, quien dijo ser el autor del hecho, y a quien se le secuestr\u00f3 un cuchillo que estar\u00eda relacionado a lo ocurrido. Fue detenido inmediatamente y puesto a disposici\u00f3n de Fiscal\u00eda de Delitos Complejos de San Francisco. Desde donde se impartieron directivas y con la presencia del Sr. Jefe de Zona III, Crio. Insp. Diego Rodr\u00edguez, Jefe de Cr\u00eda Las Varillas, Sub. Crio. Luis Tejeda, personal de S. M. Laspiur e investigaciones de Las Varillas, se comenz\u00f3 a realizar las averiguaciones de rigor. Se recabaron declaraciones a testigos presenciales y dem\u00e1s actuaciones. Tambi\u00e9n se hizo presente Personal de Polic\u00eda Judicial. <\/p>\n\n\n\n<p>El detenido fue trasladado y se encuentra alojado en San Francisco.<\/p>\n\n\n\n<figure class=\"wp-block-image size-large\"><img decoding=\"async\" src=\"https:\/\/i.ibb.co\/k41Frwp\/upload-pic-thumbnail-pic8.jpg\" alt=\"\"\/><\/figure>\n\n\n\n<p>Fuente: Comisar\u00eda Las Varillas<\/p>\n","protected":false},"excerpt":{"rendered":"<p>Pasadas las 20:30hs del domingo 30, efectivos policiales fueron solicitados en un bar comedor ubicado en Dr. Lamelas al 500 donde, en una pelea de dos hombres, uno de ellos&hellip; <\/p>\n","protected":false},"author":3,"featured_media":3776,"comment_status":"open","ping_status":"open","sticky":false,"template":"","format":"standard","meta":{"footnotes":""},"categories":[3,5],"tags":[],"class_list":["post-3773","post","type-post","status-publish","format-standard","has-post-thumbnail","hentry","category-policiales","category-regionales"],"views":555,"_links":{"self":[{"href":"https:\/\/fmalicia.com.ar\/index.php?rest_route=\/wp\/v2\/posts\/3773","targetHints":{"allow":["GET"]}}],"collection":[{"href":"https:\/\/fmalicia.com.ar\/index.php?rest_route=\/wp\/v2\/posts"}],"about":[{"href":"https:\/\/fmalicia.com.ar\/index.php?rest_route=\/wp\/v2\/types\/post"}],"author":[{"embeddable":true,"href":"https:\/\/fmalicia.com.ar\/index.php?rest_route=\/wp\/v2\/users\/3"}],"replies":[{"embeddable":true,"href":"https:\/\/fmalicia.com.ar\/index.php?rest_route=%2Fwp%2Fv2%2Fcomments&post=3773"}],"version-history":[{"count":1,"href":"https:\/\/fmalicia.com.ar\/index.php?rest_route=\/wp\/v2\/posts\/3773\/revisions"}],"predecessor-version":[{"id":3775,"href":"https:\/\/fmalicia.com.ar\/index.php?rest_route=\/wp\/v2\/posts\/3773\/revisions\/3775"}],"wp:featuredmedia":[{"embeddable":true,"href":"https:\/\/fmalicia.com.ar\/index.php?rest_route=\/wp\/v2\/media\/3776"}],"wp:attachment":[{"href":"https:\/\/fmalicia.com.ar\/index.php?rest_route=%2Fwp%2Fv2%2Fmedia&parent=3773"}],"wp:term":[{"taxonomy":"category","embeddable":true,"href":"https:\/\/fmalicia.com.ar\/index.php?rest_route=%2Fwp%2Fv2%2Fcategories&post=3773"},{"taxonomy":"post_tag","embeddable":true,"href":"https:\/\/fmalicia.com.ar\/index.php?rest_route=%2Fwp%2Fv2%2Ftags&post=3773"}],"curies":[{"name":"wp","href":"https:\/\/api.w.org\/{rel}","templated":true}]}}