{"id":3754,"date":"2020-08-30T03:35:40","date_gmt":"2020-08-30T06:35:40","guid":{"rendered":"https:\/\/fmalicia.com.ar\/?p=3754"},"modified":"2020-08-30T03:35:44","modified_gmt":"2020-08-30T06:35:44","slug":"covid-19-nuevas-disposiciones-en-la-region","status":"publish","type":"post","link":"https:\/\/fmalicia.com.ar\/?p=3754","title":{"rendered":"Covid-19: Nuevas disposiciones en la regi\u00f3n"},"content":{"rendered":"\n<h4 class=\"wp-block-heading\">El Fort\u00edn: recomiendan disminuci\u00f3n de movilizaci\u00f3n hacia localidades vecinas<\/h4>\n\n\n\n<p>Desde la Municipalidad de El Fort\u00edn se public\u00f3  una recomendaci\u00f3n dirigida a los vecinos de la localidad donde se da cuenta que, ante la detecci\u00f3n de casos positivos de Coronavirus (COVID-19) en localidades cercanas, tanto de la Provincia de C\u00f3rdoba como de Santa Fe, es necesario extremar los recaudos preventivos.<\/p>\n\n\n\n<p>En ese contexto, <strong>se solicita a los vecinos que se realice el menor movimiento posible hacia y desde otras localidades<\/strong>, limit\u00e1ndose a lo estrictamente necesario, como una manera efectiva de reducir las posibilidades de contagios, complementando todo ello con las medidas personales de uso del tapabocas, higiene y desinfecci\u00f3n de las manos y distanciamiento social.\u00a0<\/p>\n\n\n\n<figure class=\"wp-block-image size-large\"><img decoding=\"async\" src=\"https:\/\/i.ibb.co\/0QFDBxR\/zona.jpg\" alt=\"\"\/><\/figure>\n\n\n\n<h4 class=\"wp-block-heading\">Recomiendan comunicarse con el COEM ante dudas por caso positivo en el Policl\u00ednico<\/h4>\n\n\n\n<p>Aunque las autoridades del Sanatorio Policl\u00ednico ya tomaron todas las medidas necesarias y dispuestas por el COE, ante el caso positivo de un personal de salud de la instituci\u00f3n, una enfermera, <strong>recomiendan a la poblaci\u00f3n que haya estado en el mismo que se comunique con el COEM (municipal) por cualquier duda y consulta.\u00a0<\/strong><\/p>\n\n\n\n<p>Desde la cl\u00ednica llevaron adelante testeos al resto del personal, <em>(hasta el momento todos ser\u00edan negativos)<\/em>, y otras medidas actuando r\u00e1pidamente, aislando al caso positivo y desde <em>Salud P\u00fablica<\/em> se est\u00e1 tratando de determinar el nexo epidemiol\u00f3gico, es decir donde se contagi\u00f3 la enfermera.<\/p>\n\n\n\n<p>Se ir\u00e1 evaluando la situaci\u00f3n con el transcurso de las horas, recordando que <strong>hasta el martes pr\u00f3ximo s\u00f3lo habr\u00e1 atenci\u00f3n\u00a0 de emergencias y urgencias, y se deber\u00e1n comunicar de manera telef\u00f3nica previamente.<\/strong><\/p>\n\n\n\n<h4 class=\"wp-block-heading\"><strong>Los tel\u00e9fonos del COEM son los siguientes:<\/strong><\/h4>\n\n\n\n<h4 class=\"wp-block-heading\">03533<strong> 15684504<\/strong><\/h4>\n\n\n\n<h4 class=\"wp-block-heading\"><strong>03533 15415795<\/strong><\/h4>\n","protected":false},"excerpt":{"rendered":"<p>El Fort\u00edn: recomiendan disminuci\u00f3n de movilizaci\u00f3n hacia localidades vecinas Desde la Municipalidad de El Fort\u00edn se public\u00f3 una recomendaci\u00f3n dirigida a los vecinos de la localidad donde se da cuenta&hellip; <\/p>\n","protected":false},"author":3,"featured_media":3759,"comment_status":"open","ping_status":"open","sticky":false,"template":"","format":"standard","meta":{"footnotes":""},"categories":[5,2],"tags":[],"class_list":["post-3754","post","type-post","status-publish","format-standard","has-post-thumbnail","hentry","category-regionales","category-sociedad"],"views":502,"_links":{"self":[{"href":"https:\/\/fmalicia.com.ar\/index.php?rest_route=\/wp\/v2\/posts\/3754","targetHints":{"allow":["GET"]}}],"collection":[{"href":"https:\/\/fmalicia.com.ar\/index.php?rest_route=\/wp\/v2\/posts"}],"about":[{"href":"https:\/\/fmalicia.com.ar\/index.php?rest_route=\/wp\/v2\/types\/post"}],"author":[{"embeddable":true,"href":"https:\/\/fmalicia.com.ar\/index.php?rest_route=\/wp\/v2\/users\/3"}],"replies":[{"embeddable":true,"href":"https:\/\/fmalicia.com.ar\/index.php?rest_route=%2Fwp%2Fv2%2Fcomments&post=3754"}],"version-history":[{"count":1,"href":"https:\/\/fmalicia.com.ar\/index.php?rest_route=\/wp\/v2\/posts\/3754\/revisions"}],"predecessor-version":[{"id":3758,"href":"https:\/\/fmalicia.com.ar\/index.php?rest_route=\/wp\/v2\/posts\/3754\/revisions\/3758"}],"wp:featuredmedia":[{"embeddable":true,"href":"https:\/\/fmalicia.com.ar\/index.php?rest_route=\/wp\/v2\/media\/3759"}],"wp:attachment":[{"href":"https:\/\/fmalicia.com.ar\/index.php?rest_route=%2Fwp%2Fv2%2Fmedia&parent=3754"}],"wp:term":[{"taxonomy":"category","embeddable":true,"href":"https:\/\/fmalicia.com.ar\/index.php?rest_route=%2Fwp%2Fv2%2Fcategories&post=3754"},{"taxonomy":"post_tag","embeddable":true,"href":"https:\/\/fmalicia.com.ar\/index.php?rest_route=%2Fwp%2Fv2%2Ftags&post=3754"}],"curies":[{"name":"wp","href":"https:\/\/api.w.org\/{rel}","templated":true}]}}