{"id":3644,"date":"2020-08-27T02:58:13","date_gmt":"2020-08-27T05:58:13","guid":{"rendered":"https:\/\/fmalicia.com.ar\/?p=3644"},"modified":"2020-08-27T02:58:16","modified_gmt":"2020-08-27T05:58:16","slug":"la-radio-argentina-pionera-en-el-mundo-cumple-100-anos","status":"publish","type":"post","link":"https:\/\/fmalicia.com.ar\/?p=3644","title":{"rendered":"La radio argentina, pionera en el mundo, cumple 100 a\u00f1os"},"content":{"rendered":"\n<p>En nuestro pa\u00eds, hoy <strong>27 de agosto<\/strong> es el <strong><em>D\u00eda Nacional de la Radio<\/em><\/strong> en conmemoraci\u00f3n de un nuevo aniversario de la <strong>primera transmisi\u00f3n radial p\u00fablica en el mundo<\/strong>. Esa primera transmisi\u00f3n masiva fue en\u00a0<strong>Buenos Aires, en 1920, en el Teatro Coliseo<\/strong>. Estuvo a cargo de cuatro estudiantes de medicina: Enrique\u00a0<strong>Susini<\/strong>, Luis Romero\u00a0<strong>Carranza<\/strong>, C\u00e9sar Jos\u00e9\u00a0<strong>Guerrico<\/strong>\u00a0y Miguel\u00a0<strong>Mujica<\/strong>.<\/p>\n\n\n\n<p>Aunque la &#8220;haza\u00f1a&#8221; de los\u00a0<strong>&#8220;locos de la azotea&#8221;<\/strong>\u00a0-como se los conoce hoy en d\u00eda- fue escuchada solo por unos pocos propietarios de radios en la capital, el hecho qued\u00f3 en la historia y culmin\u00f3 en la creaci\u00f3n de\u00a0<strong>Radio Argentina\u00a0<\/strong>y otras emisoras. El d\u00eda tiene una gran importancia porque dio pie a la\u00a0<strong>conformaci\u00f3n de la industria radiof\u00f3nica\u00a0<\/strong>en nuestro pa\u00eds.<\/p>\n\n\n\n<figure class=\"wp-block-image size-large\"><img decoding=\"async\" src=\"https:\/\/i.ibb.co\/qnSswdT\/Azotea-02.jpg\" alt=\"\"\/><\/figure>\n\n\n\n<p><strong>El recorrido hasta la primera transmisi\u00f3n:<\/strong><\/p>\n\n\n\n<p>Antes de esa noche del 27 de agosto de 1920, Susini y compa\u00f1\u00eda ya eran radioaficionados y segu\u00edan los avances que ese medio fue adquiriendo desde que, en 1896, el italiano Guillermo Marconi patent\u00f3 en Inglaterra su invento de la radiotelegraf\u00eda sin hilos.<\/p>\n\n\n\n<p>En 1918, sobre el fin de la Primera Guerra, Susini -m\u00e9dico otorrinolaring\u00f3logo y amante de la m\u00fasica cl\u00e1sica- viaj\u00f3 a Francia para estudiar, cerca de los frentes de batalla, el efecto de los gases asfixiantes y paralizantes sobre las v\u00edas respiratorias. All\u00ed encontr\u00f3 equipos de radio con transmisores casi abandonados y algunas l\u00e1mparas y v\u00e1lvulas en buen estado, elementos que el m\u00e9dico trajo al pa\u00eds ocultos dentro de su enorme sobretodo. Fue el inicio de la travesura.<\/p>\n\n\n\n<p><strong>El nacimiento de la transmisi\u00f3n radial p\u00fablica:<\/strong><\/p>\n\n\n\n<p>Cables, hilos, v\u00e1lvulas, bobinas, alambres, bocinas y micr\u00f3fonos sirvieron al grupo de j\u00f3venes -el mayor s\u00f3lo ten\u00eda 25 a\u00f1os- para modernizar sus transmisores caseros e intentar la magia. El d\u00eda elegido fue el 27 de agosto; la hora, minutos despu\u00e9s de las nueve de la noche;el lugar, el Teatro Coliseo.<\/p>\n\n\n\n<p>Desde la azotea de un edificio ubicado en Cerrito y Charcas, una antena emiti\u00f3 lo que le dictaba el micr\u00f3fono situado en el para\u00edso del teatro.<\/p>\n\n\n\n<p><em>&#8220;Se\u00f1oras y se\u00f1ores: la sociedad Radio Argentina les presenta hoy el festival sacro de Ricardo Wagner, Parsifal&#8230;&#8221;<\/em> La voz de Susini abri\u00f3 una transmisi\u00f3n de 3 horas que pudieron escuchar apenas cincuenta personas, los propietarios de las contadas radios a galena que hab\u00eda en Buenos Aires.<\/p>\n\n\n\n<p><strong>La Radio crece<\/strong>:<\/p>\n\n\n\n<p>El experimento que llev\u00f3 a estos cuatro talentos a las p\u00e1ginas de los diarios se convirti\u00f3 en <em>Radio Argentina<\/em>. Y el entusiasmo no ces\u00f3. Tambi\u00e9n fue la primera emisora en transmitir en directo la asunci\u00f3n de un presidente -Marcelo T. de Alvear-, difundir un noticiero y formar un equipo de locutores. En pocos a\u00f1os apareci\u00f3 en el dial<em> Radio Cultura<\/em>, la primera broadcasting comercial que financi\u00f3 sus espacios con publicidad. Pero <em>la radio realmente comenz\u00f3 a llegar a la gente hacia 1926<\/em>. El tango y el folklore fueron los veh\u00edculos que le ayudaron a ganar popularidad. Las d\u00e9cadas del 40 y 50 fueron su \u00e9poca dorada, con grandes audiciones en vivo.<\/p>\n\n\n\n<p>Los a\u00f1os 60 se caracterizaron por el auge de los programas grabados y la difusi\u00f3n de discos versus m\u00fasica ejecutada en vivo. Hab\u00eda aparecido la televisi\u00f3n, pero todav\u00eda era un medio demasiado nuevo y caro. La TV se hizo masiva en los 70, y la radio peligr\u00f3. Sin embargo, supo adaptarse, dejando a un lado el show y el mundo del espect\u00e1culo -ahora seducido por las c\u00e1maras- y nutri\u00e9ndose, a cambio, de espacios informativos y magazines matinales. <strong>Nacidas en los 80 como una necesidad t\u00e9cnica de las AM, las FM terminaron independiz\u00e1ndose.<\/strong><\/p>\n\n\n\n<p>Y el 2000 llega despu\u00e9s de haber atravesado los multirradiales 90 con<strong> una historia que contin\u00faa, cada d\u00eda, cada noche, con s\u00f3lo encender el receptor<\/strong>&#8230;a\u00fan en la era digital, donde tambi\u00e9n <strong>est\u00e1 presente&#8230;siempre acompa\u00f1\u00e1ndote.<\/strong><\/p>\n\n\n\n<figure class=\"wp-block-embed-spotify wp-block-embed is-type-rich is-provider-spotify wp-embed-aspect-21-9 wp-has-aspect-ratio\"><div class=\"wp-block-embed__wrapper\">\n<iframe loading=\"lazy\" title=\"Spotify Embed: UN SIGLO DE RADIO ARGENTINA, LA HISTORIA DE UN AMOR\" width=\"100%\" height=\"232\" allowtransparency=\"true\" frameborder=\"0\" allow=\"encrypted-media\" src=\"https:\/\/open.spotify.com\/embed-podcast\/episode\/2cUZGVF4Y8ttD75pDSZ41i\"><\/iframe>\n<\/div><figcaption>El homenaje de T\u00e9lam en el Centenario de la Radiodifusi\u00f3n<\/figcaption><\/figure>\n\n\n\n<p><strong>La Celebraci\u00f3n:<\/strong><\/p>\n\n\n\n<p>Hoy diferentes <strong>radios del pa\u00eds estar\u00e1n unidas en una transmisi\u00f3n especial desde el Teatro Coliseo para festejar los cien a\u00f1os de la radiofon\u00eda.<\/strong> El festejo ser\u00e1 conducido por H\u00e9ctor Larrea (desde su casa) junto a Mikki Lusardi y Eddie Babenco (en el Teatro) y destacados protagonistas de radio. Adem\u00e1s de todas las filiales de Radio Nacional en el pa\u00eds, se escuchar\u00e1 entre otros, en Bolivia, M\u00e9xico, Colombia, Espa\u00f1a, Italia y Estados Unidos, en emisoras que forman parte de la red Radio Internacional Universitaria. La transmisi\u00f3n especial se extender\u00e1 hasta las 17, se podr\u00e1 ver en vivo por la web de<a rel=\"noreferrer noopener\" href=\"http:\/\/www.radionacional.com.ar\/\" target=\"_blank\">\u00a0la radio p\u00fablica\u00a0<\/a>y por Facebook Live.<\/p>\n\n\n\n<p>Sum\u00e1ndose a estos festejos,<strong>&nbsp;Televisi\u00f3n P\u00fablica tendr\u00e1 un m\u00f3vil en vivo en el Coliseo y desde las 16.00, estrenar\u00e1 \u2018Cien A\u00f1os de Radio. Una Historia con Futuro\u2019, un documental producido por el canal en homenaje a hombres y mujeres que construyeron la historia de la radiofon\u00eda nacional<\/strong>&nbsp;y que explora la importancia de la radio en la vida cotidiana durante estos cien a\u00f1os.<\/p>\n\n\n\n<p><strong>Con la conducci\u00f3n de Lalo Mir y Mikki Lusardi, en ciento diez minutos recorre la historia de la radiofon\u00eda argentina desde sus inicios, con archivos de audio que recuerdan la \u00e9poca dorada, sus estrellas y voces destacadas<\/strong>. Presenta tambi\u00e9n testimonios de referentes que recuerdan c\u00f3mo fue su v\u00ednculo inicial con el fen\u00f3meno de las transmisiones radiales.<\/p>\n\n\n\n<figure class=\"wp-block-image size-large\"><img decoding=\"async\" src=\"https:\/\/i.ibb.co\/Ct5yyWt\/100radio-flyers-coliseo-sin.png\" alt=\"\"\/><\/figure>\n\n\n\n<p><strong>El lanzamiento:<\/strong><\/p>\n\n\n\n<p><em>A los festejos se sumar\u00e1, la presentaci\u00f3n de la plataforma multimedia\u00a0<a rel=\"noreferrer noopener\" href=\"http:\/\/radioytelevision.ar\/\" target=\"_blank\">radioytelevision.ar,<\/a>\u00a0que fue construida por gente de radio y re\u00fane documentos sonoros, audiovisuales y gr\u00e1ficos de todas las \u00e9pocas. La plataforma est\u00e1 disponible a partir de las 00:00 del 27 de agosto. Es una radio online y a la vez un museo virtual que permite acceder a contenidos hist\u00f3ricos por streaming, con radiopedias, biograf\u00edas de gente del aire, homenajes, testimonios, ficciones tributo, publicidades cl\u00e1sicas y textos le\u00eddos por las voces m\u00e1s importantes de todos los tiempos.<\/em><\/p>\n\n\n\n<p>-Les compartimos el video difusi\u00f3n con referentes de la radio argentina, unidos en entrevistas para homenajear a la radio a 100 a\u00f1os de la primera transmisi\u00f3n:<\/p>\n\n\n\n<figure class=\"wp-block-embed-youtube wp-block-embed is-type-video is-provider-youtube wp-embed-aspect-16-9 wp-has-aspect-ratio\"><div class=\"wp-block-embed__wrapper\">\n<iframe loading=\"lazy\" title=\"100 a\u00f1os de la radio\" width=\"1110\" height=\"624\" src=\"https:\/\/www.youtube.com\/embed\/mKKdBgBR9wU?feature=oembed\" frameborder=\"0\" allow=\"accelerometer; autoplay; encrypted-media; gyroscope; picture-in-picture\" allowfullscreen><\/iframe>\n<\/div><\/figure>\n\n\n\n<p>Te dejamos una imagen de dos de los precursores de la radio en Alicia&#8230;Gracias a ellos, seguimos ac\u00e1, cada d\u00eda, para vos&#8230;y vos est\u00e1s ah\u00ed junto a nosotros. GRACIAS!<\/p>\n\n\n\n<figure class=\"wp-block-image size-large\"><img decoding=\"async\" src=\"https:\/\/i.ibb.co\/Sn5mwjp\/Whats-App-Image-2020-08-26-at-20-35-21.jpg\" alt=\"\"\/><figcaption>Horacio &#8220;Lacho&#8221; Marshall y Javier &#8220;Gareca&#8221; Meyer, quienes el 7 de junio de 1993 junto a los se\u00f1ores Roberto Meyer y Ricardo Ceirano lograron la primera transmisi\u00f3n de radio en Alicia para todo el pueblo. Hoy Horacio es Director de FM Alicia 96.1 y su formato streaming<\/figcaption><\/figure>\n","protected":false},"excerpt":{"rendered":"<p>En nuestro pa\u00eds, hoy 27 de agosto es el D\u00eda Nacional de la Radio en conmemoraci\u00f3n de un nuevo aniversario de la primera transmisi\u00f3n radial p\u00fablica en el mundo. Esa&hellip; <\/p>\n","protected":false},"author":3,"featured_media":3647,"comment_status":"open","ping_status":"open","sticky":false,"template":"","format":"standard","meta":{"footnotes":""},"categories":[1,17,2],"tags":[],"class_list":["post-3644","post","type-post","status-publish","format-standard","has-post-thumbnail","hentry","category-culturales","category-destacadas","category-sociedad"],"views":1321,"_links":{"self":[{"href":"https:\/\/fmalicia.com.ar\/index.php?rest_route=\/wp\/v2\/posts\/3644","targetHints":{"allow":["GET"]}}],"collection":[{"href":"https:\/\/fmalicia.com.ar\/index.php?rest_route=\/wp\/v2\/posts"}],"about":[{"href":"https:\/\/fmalicia.com.ar\/index.php?rest_route=\/wp\/v2\/types\/post"}],"author":[{"embeddable":true,"href":"https:\/\/fmalicia.com.ar\/index.php?rest_route=\/wp\/v2\/users\/3"}],"replies":[{"embeddable":true,"href":"https:\/\/fmalicia.com.ar\/index.php?rest_route=%2Fwp%2Fv2%2Fcomments&post=3644"}],"version-history":[{"count":1,"href":"https:\/\/fmalicia.com.ar\/index.php?rest_route=\/wp\/v2\/posts\/3644\/revisions"}],"predecessor-version":[{"id":3646,"href":"https:\/\/fmalicia.com.ar\/index.php?rest_route=\/wp\/v2\/posts\/3644\/revisions\/3646"}],"wp:featuredmedia":[{"embeddable":true,"href":"https:\/\/fmalicia.com.ar\/index.php?rest_route=\/wp\/v2\/media\/3647"}],"wp:attachment":[{"href":"https:\/\/fmalicia.com.ar\/index.php?rest_route=%2Fwp%2Fv2%2Fmedia&parent=3644"}],"wp:term":[{"taxonomy":"category","embeddable":true,"href":"https:\/\/fmalicia.com.ar\/index.php?rest_route=%2Fwp%2Fv2%2Fcategories&post=3644"},{"taxonomy":"post_tag","embeddable":true,"href":"https:\/\/fmalicia.com.ar\/index.php?rest_route=%2Fwp%2Fv2%2Ftags&post=3644"}],"curies":[{"name":"wp","href":"https:\/\/api.w.org\/{rel}","templated":true}]}}