{"id":36221,"date":"2026-04-28T10:26:10","date_gmt":"2026-04-28T13:26:10","guid":{"rendered":"https:\/\/fmalicia.com.ar\/?p=36221"},"modified":"2026-04-28T10:27:46","modified_gmt":"2026-04-28T13:27:46","slug":"san-francisco-la-justicia-investiga-la-muerte-de-un-joven-en-su-celda","status":"publish","type":"post","link":"https:\/\/fmalicia.com.ar\/?p=36221","title":{"rendered":"SAN FRANCISCO: LA JUSTICIA INVESTIGA LA MUERTE DE UN JOVEN EN SU CELDA"},"content":{"rendered":"\n<p>El hecho se registr\u00f3 en la Penitenciar\u00eda N\u00b0 7 de San Francisco en el fin de semana. La fiscal\u00eda de San Francisco investiga la muerte de un joven de unos 25 a\u00f1os que fue hallado sin vida en una celda.<\/p>\n\n\n\n<p>Hay total hermetismo desde la Justicia local y las propias autoridades del penal, que intentan establecer si se trata de un suicidio.<\/p>\n\n\n\n<p>M\u00e1s all\u00e1 que se confirm\u00f3 la muerte del j\u00f3ven, no se brindaron m\u00e1s detalles debido a que se encuentran en los primeros pasos de la investigaci\u00f3n.<\/p>\n\n\n\n<figure class=\"wp-block-image size-full is-resized\"><img decoding=\"async\" src=\"https:\/\/fmalicia.com.ar\/wp-content\/uploads\/2024\/05\/policia.jpg\" alt=\"VILLA DEL ROSARIO: CON UN PALO LE FRACTUR\u00d3 EL CRANEO Y EL TABIQUE NASAL EN UNA PELEA\" class=\"wp-image-24654\" style=\"width:741px;height:auto\"\/><\/figure>\n","protected":false},"excerpt":{"rendered":"<p>El hecho se registr\u00f3 en la Penitenciar\u00eda N\u00b0 7 de San Francisco en el fin de semana. La fiscal\u00eda de San Francisco investiga la muerte de un joven de unos&hellip; <\/p>\n","protected":false},"author":2,"featured_media":24576,"comment_status":"closed","ping_status":"closed","sticky":false,"template":"","format":"standard","meta":{"footnotes":""},"categories":[17,3,6],"tags":[],"class_list":["post-36221","post","type-post","status-publish","format-standard","has-post-thumbnail","hentry","category-destacadas","category-policiales","category-provinciales"],"views":7,"_links":{"self":[{"href":"https:\/\/fmalicia.com.ar\/index.php?rest_route=\/wp\/v2\/posts\/36221","targetHints":{"allow":["GET"]}}],"collection":[{"href":"https:\/\/fmalicia.com.ar\/index.php?rest_route=\/wp\/v2\/posts"}],"about":[{"href":"https:\/\/fmalicia.com.ar\/index.php?rest_route=\/wp\/v2\/types\/post"}],"author":[{"embeddable":true,"href":"https:\/\/fmalicia.com.ar\/index.php?rest_route=\/wp\/v2\/users\/2"}],"replies":[{"embeddable":true,"href":"https:\/\/fmalicia.com.ar\/index.php?rest_route=%2Fwp%2Fv2%2Fcomments&post=36221"}],"version-history":[{"count":1,"href":"https:\/\/fmalicia.com.ar\/index.php?rest_route=\/wp\/v2\/posts\/36221\/revisions"}],"predecessor-version":[{"id":36222,"href":"https:\/\/fmalicia.com.ar\/index.php?rest_route=\/wp\/v2\/posts\/36221\/revisions\/36222"}],"wp:featuredmedia":[{"embeddable":true,"href":"https:\/\/fmalicia.com.ar\/index.php?rest_route=\/wp\/v2\/media\/24576"}],"wp:attachment":[{"href":"https:\/\/fmalicia.com.ar\/index.php?rest_route=%2Fwp%2Fv2%2Fmedia&parent=36221"}],"wp:term":[{"taxonomy":"category","embeddable":true,"href":"https:\/\/fmalicia.com.ar\/index.php?rest_route=%2Fwp%2Fv2%2Fcategories&post=36221"},{"taxonomy":"post_tag","embeddable":true,"href":"https:\/\/fmalicia.com.ar\/index.php?rest_route=%2Fwp%2Fv2%2Ftags&post=36221"}],"curies":[{"name":"wp","href":"https:\/\/api.w.org\/{rel}","templated":true}]}}