{"id":36211,"date":"2026-04-27T11:40:12","date_gmt":"2026-04-27T14:40:12","guid":{"rendered":"https:\/\/fmalicia.com.ar\/?p=36211"},"modified":"2026-04-27T11:40:43","modified_gmt":"2026-04-27T14:40:43","slug":"el-sacerdote-antonio-borio-celebro-la-santa-misa-sabatina-y-fue-agazajado-luego-por-alicenos","status":"publish","type":"post","link":"https:\/\/fmalicia.com.ar\/?p=36211","title":{"rendered":"El sacerdote Antonio Borio celebr\u00f3 la Santa misa sabatina y fue agazajado luego por alice\u00f1os"},"content":{"rendered":"\n<p>Desde hace unos d\u00edas est\u00e1 en Alicia, el sacerdote Antonio Borio, quien fuera el Cura P\u00e1rroco de la localidad italiana y piemontesa de Caramagna, con la cual este a\u00f1o en el mes de Octubre se cumplir\u00e1n 25 a\u00f1os del Hermanamiento con Alicia. Actualmente \u00e9l se encuentra trabajando en una Iglesia de la ciudad de Torino y desde hace muchos a\u00f1os se ha involucrado con una misi\u00f3n con una comunidad de Formosa, a quienes a ayudado much\u00edsimo y a pesar que el sacerdote que estaba a cargo de esa comunidad argentina a fallecido hace unos a\u00f1os, &#8220;Don Tonino&#8221; sigue involucrandose totalmente, pero adem\u00e1s en cada viaje que llega a Argentina nunca dej\u00f3 de visitar nuestro pueblo al que conociera de la mano del Padre Dar\u00edo Falcone tambi\u00e9n ya fallecido. Ante la circunstacia que estuvo viviendo el Padre Gustavo Ballario (fallecimiento de su madre), el sabado pasado celebro la Santa Misa &#8220;Don Tonino&#8221;(como cari\u00f1osamente lo llamamos quienes lo conocemos, luego de la cena se habia programado un asadito comunitario en el SUM de la Parroquia, lo que se decidi\u00f3 suspender ante las circunstacias, as\u00ed que una vez finalizada la Misa fueron invitados ambos sacerdotes por un pu\u00f1ado de vecinos a una cena en un prestigioso comercio gastron\u00f3mico local, all\u00ed el Intendente Agust\u00edn Bianchini le hizo entrega de un presente en nombre de toda la comunidad de Alicia consistente en un poncho, una medalla de San Miguel Arc\u00e1ngel Patrono de nuestra localidad y un llavero donde tiene impreso el nombre y bandera de Alicia<\/p>\n\n\n\n<figure class=\"wp-block-image size-large is-resized\"><img loading=\"lazy\" decoding=\"async\" width=\"576\" height=\"1024\" src=\"https:\/\/fmalicia.com.ar\/wp-content\/uploads\/2026\/04\/WhatsApp-Image-2026-04-25-at-11.34.11-PM-576x1024.jpeg\" alt=\"\" class=\"wp-image-36212\" style=\"width:742px;height:auto\" srcset=\"https:\/\/fmalicia.com.ar\/wp-content\/uploads\/2026\/04\/WhatsApp-Image-2026-04-25-at-11.34.11-PM-576x1024.jpeg 576w, https:\/\/fmalicia.com.ar\/wp-content\/uploads\/2026\/04\/WhatsApp-Image-2026-04-25-at-11.34.11-PM-169x300.jpeg 169w, https:\/\/fmalicia.com.ar\/wp-content\/uploads\/2026\/04\/WhatsApp-Image-2026-04-25-at-11.34.11-PM-768x1365.jpeg 768w, https:\/\/fmalicia.com.ar\/wp-content\/uploads\/2026\/04\/WhatsApp-Image-2026-04-25-at-11.34.11-PM-864x1536.jpeg 864w, https:\/\/fmalicia.com.ar\/wp-content\/uploads\/2026\/04\/WhatsApp-Image-2026-04-25-at-11.34.11-PM.jpeg 900w\" sizes=\"auto, (max-width: 576px) 100vw, 576px\" \/><\/figure>\n\n\n\n<figure class=\"wp-block-image size-large\"><img loading=\"lazy\" decoding=\"async\" width=\"1024\" height=\"576\" src=\"https:\/\/fmalicia.com.ar\/wp-content\/uploads\/2026\/04\/WhatsApp-Image-2026-04-25-at-11.12.29-PM-1-1024x576.jpeg\" alt=\"\" class=\"wp-image-36213\" srcset=\"https:\/\/fmalicia.com.ar\/wp-content\/uploads\/2026\/04\/WhatsApp-Image-2026-04-25-at-11.12.29-PM-1-1024x576.jpeg 1024w, https:\/\/fmalicia.com.ar\/wp-content\/uploads\/2026\/04\/WhatsApp-Image-2026-04-25-at-11.12.29-PM-1-300x169.jpeg 300w, https:\/\/fmalicia.com.ar\/wp-content\/uploads\/2026\/04\/WhatsApp-Image-2026-04-25-at-11.12.29-PM-1-768x432.jpeg 768w, https:\/\/fmalicia.com.ar\/wp-content\/uploads\/2026\/04\/WhatsApp-Image-2026-04-25-at-11.12.29-PM-1-1536x864.jpeg 1536w, https:\/\/fmalicia.com.ar\/wp-content\/uploads\/2026\/04\/WhatsApp-Image-2026-04-25-at-11.12.29-PM-1.jpeg 1600w\" sizes=\"auto, (max-width: 1024px) 100vw, 1024px\" \/><\/figure>\n\n\n\n<figure class=\"wp-block-image size-large\"><img loading=\"lazy\" decoding=\"async\" width=\"1024\" height=\"576\" src=\"https:\/\/fmalicia.com.ar\/wp-content\/uploads\/2026\/04\/WhatsApp-Image-2026-04-25-at-11.12.29-PM-1024x576.jpeg\" alt=\"\" class=\"wp-image-36214\" srcset=\"https:\/\/fmalicia.com.ar\/wp-content\/uploads\/2026\/04\/WhatsApp-Image-2026-04-25-at-11.12.29-PM-1024x576.jpeg 1024w, https:\/\/fmalicia.com.ar\/wp-content\/uploads\/2026\/04\/WhatsApp-Image-2026-04-25-at-11.12.29-PM-300x169.jpeg 300w, https:\/\/fmalicia.com.ar\/wp-content\/uploads\/2026\/04\/WhatsApp-Image-2026-04-25-at-11.12.29-PM-768x432.jpeg 768w, https:\/\/fmalicia.com.ar\/wp-content\/uploads\/2026\/04\/WhatsApp-Image-2026-04-25-at-11.12.29-PM-1536x864.jpeg 1536w, https:\/\/fmalicia.com.ar\/wp-content\/uploads\/2026\/04\/WhatsApp-Image-2026-04-25-at-11.12.29-PM.jpeg 1600w\" sizes=\"auto, (max-width: 1024px) 100vw, 1024px\" \/><\/figure>\n","protected":false},"excerpt":{"rendered":"<p>Desde hace unos d\u00edas est\u00e1 en Alicia, el sacerdote Antonio Borio, quien fuera el Cura P\u00e1rroco de la localidad italiana y piemontesa de Caramagna, con la cual este a\u00f1o en&hellip; <\/p>\n","protected":false},"author":2,"featured_media":36212,"comment_status":"closed","ping_status":"closed","sticky":false,"template":"","format":"standard","meta":{"footnotes":""},"categories":[17,4,2],"tags":[],"class_list":["post-36211","post","type-post","status-publish","format-standard","has-post-thumbnail","hentry","category-destacadas","category-locales","category-sociedad"],"views":7,"_links":{"self":[{"href":"https:\/\/fmalicia.com.ar\/index.php?rest_route=\/wp\/v2\/posts\/36211","targetHints":{"allow":["GET"]}}],"collection":[{"href":"https:\/\/fmalicia.com.ar\/index.php?rest_route=\/wp\/v2\/posts"}],"about":[{"href":"https:\/\/fmalicia.com.ar\/index.php?rest_route=\/wp\/v2\/types\/post"}],"author":[{"embeddable":true,"href":"https:\/\/fmalicia.com.ar\/index.php?rest_route=\/wp\/v2\/users\/2"}],"replies":[{"embeddable":true,"href":"https:\/\/fmalicia.com.ar\/index.php?rest_route=%2Fwp%2Fv2%2Fcomments&post=36211"}],"version-history":[{"count":1,"href":"https:\/\/fmalicia.com.ar\/index.php?rest_route=\/wp\/v2\/posts\/36211\/revisions"}],"predecessor-version":[{"id":36215,"href":"https:\/\/fmalicia.com.ar\/index.php?rest_route=\/wp\/v2\/posts\/36211\/revisions\/36215"}],"wp:featuredmedia":[{"embeddable":true,"href":"https:\/\/fmalicia.com.ar\/index.php?rest_route=\/wp\/v2\/media\/36212"}],"wp:attachment":[{"href":"https:\/\/fmalicia.com.ar\/index.php?rest_route=%2Fwp%2Fv2%2Fmedia&parent=36211"}],"wp:term":[{"taxonomy":"category","embeddable":true,"href":"https:\/\/fmalicia.com.ar\/index.php?rest_route=%2Fwp%2Fv2%2Fcategories&post=36211"},{"taxonomy":"post_tag","embeddable":true,"href":"https:\/\/fmalicia.com.ar\/index.php?rest_route=%2Fwp%2Fv2%2Ftags&post=36211"}],"curies":[{"name":"wp","href":"https:\/\/api.w.org\/{rel}","templated":true}]}}