{"id":36196,"date":"2026-04-27T11:11:02","date_gmt":"2026-04-27T14:11:02","guid":{"rendered":"https:\/\/fmalicia.com.ar\/?p=36196"},"modified":"2026-04-27T11:11:03","modified_gmt":"2026-04-27T14:11:03","slug":"con-las-escuelas-siempre-un-compromiso-colectivo-por-la-convivencia-y-la-seguridad","status":"publish","type":"post","link":"https:\/\/fmalicia.com.ar\/?p=36196","title":{"rendered":"&#8220;CON LAS ESCUELAS, SIEMPRE&#8221;: UN COMPROMISO COLECTIVO POR LA CONVIVENCIA Y LA SEGURIDAD."},"content":{"rendered":"\n<p>Ante los hechos de amenazas que han tomado estado p\u00fablico en las \u00faltimas semanas y que afectan el clima institucional de nuestros establecimientos educativos, la Municipalidad de Las Varillas informa que se encuentra trabajando de manera conjunta y articulada con las instituciones de nivel medio y representantes de los clubes locales en una fuerte campa\u00f1a de prevenci\u00f3n y concientizaci\u00f3n.<\/p>\n\n\n\n<p>Bajo la premisa de que las palabras importan y construyen realidades, esta iniciativa busca reafirmar que las escuelas son espacios sagrados de cuidado, escucha y protecci\u00f3n. Son el lugar donde nuestros ni\u00f1os, ni\u00f1as y adolescentes encuentran la contenci\u00f3n necesaria para proyectar su futuro. Por ello, proteger la integridad de estas instituciones es una responsabilidad que nos involucra a todos como comunidad.<\/p>\n\n\n\n<p>En una muestra de unidad institucional, el pasado domingo durante el cl\u00e1sico de primera divisi\u00f3n de f\u00fatbol entre Almafuerte y Hurac\u00e1n, ambos planteles exhibieron una bandera con el lema de la campa\u00f1a, sum\u00e1ndose activamente a esta causa.<\/p>\n\n\n\n<p>Este compromiso del deporte local continuar\u00e1 fortaleci\u00e9ndose durante la semana, donde se realizar\u00e1 una acci\u00f3n similar en los encuentros de la Liga de F\u00fatbol Infantil, llevando el mensaje de paz y respeto a los m\u00e1s peque\u00f1os y sus familias.<\/p>\n\n\n\n<figure class=\"wp-block-image size-full\"><img loading=\"lazy\" decoding=\"async\" width=\"590\" height=\"393\" src=\"https:\/\/fmalicia.com.ar\/wp-content\/uploads\/2026\/04\/681823672_1589169306546666_6134173817739468711_n.jpg\" alt=\"\" class=\"wp-image-36197\" srcset=\"https:\/\/fmalicia.com.ar\/wp-content\/uploads\/2026\/04\/681823672_1589169306546666_6134173817739468711_n.jpg 590w, https:\/\/fmalicia.com.ar\/wp-content\/uploads\/2026\/04\/681823672_1589169306546666_6134173817739468711_n-300x200.jpg 300w\" sizes=\"auto, (max-width: 590px) 100vw, 590px\" \/><\/figure>\n","protected":false},"excerpt":{"rendered":"<p>Ante los hechos de amenazas que han tomado estado p\u00fablico en las \u00faltimas semanas y que afectan el clima institucional de nuestros establecimientos educativos, la Municipalidad de Las Varillas informa&hellip; <\/p>\n","protected":false},"author":2,"featured_media":36197,"comment_status":"closed","ping_status":"closed","sticky":false,"template":"","format":"standard","meta":{"footnotes":""},"categories":[17,52,5,2],"tags":[],"class_list":["post-36196","post","type-post","status-publish","format-standard","has-post-thumbnail","hentry","category-destacadas","category-educacion","category-regionales","category-sociedad"],"views":5,"_links":{"self":[{"href":"https:\/\/fmalicia.com.ar\/index.php?rest_route=\/wp\/v2\/posts\/36196","targetHints":{"allow":["GET"]}}],"collection":[{"href":"https:\/\/fmalicia.com.ar\/index.php?rest_route=\/wp\/v2\/posts"}],"about":[{"href":"https:\/\/fmalicia.com.ar\/index.php?rest_route=\/wp\/v2\/types\/post"}],"author":[{"embeddable":true,"href":"https:\/\/fmalicia.com.ar\/index.php?rest_route=\/wp\/v2\/users\/2"}],"replies":[{"embeddable":true,"href":"https:\/\/fmalicia.com.ar\/index.php?rest_route=%2Fwp%2Fv2%2Fcomments&post=36196"}],"version-history":[{"count":1,"href":"https:\/\/fmalicia.com.ar\/index.php?rest_route=\/wp\/v2\/posts\/36196\/revisions"}],"predecessor-version":[{"id":36198,"href":"https:\/\/fmalicia.com.ar\/index.php?rest_route=\/wp\/v2\/posts\/36196\/revisions\/36198"}],"wp:featuredmedia":[{"embeddable":true,"href":"https:\/\/fmalicia.com.ar\/index.php?rest_route=\/wp\/v2\/media\/36197"}],"wp:attachment":[{"href":"https:\/\/fmalicia.com.ar\/index.php?rest_route=%2Fwp%2Fv2%2Fmedia&parent=36196"}],"wp:term":[{"taxonomy":"category","embeddable":true,"href":"https:\/\/fmalicia.com.ar\/index.php?rest_route=%2Fwp%2Fv2%2Fcategories&post=36196"},{"taxonomy":"post_tag","embeddable":true,"href":"https:\/\/fmalicia.com.ar\/index.php?rest_route=%2Fwp%2Fv2%2Ftags&post=36196"}],"curies":[{"name":"wp","href":"https:\/\/api.w.org\/{rel}","templated":true}]}}