{"id":3611,"date":"2020-08-26T11:18:48","date_gmt":"2020-08-26T14:18:48","guid":{"rendered":"https:\/\/fmalicia.com.ar\/?p=3611"},"modified":"2020-08-26T13:05:45","modified_gmt":"2020-08-26T16:05:45","slug":"alicia-detencion-de-masculino-en-flagrancia","status":"publish","type":"post","link":"https:\/\/fmalicia.com.ar\/?p=3611","title":{"rendered":"Alicia: Detenci\u00f3n de masculino en flagrancia"},"content":{"rendered":"\n<figure class=\"wp-block-image size-large\"><img decoding=\"async\" src=\"https:\/\/i.ibb.co\/ZVGPVLY\/Sin-t-tulo.jpg\" alt=\"\"\/><\/figure>\n\n\n\n<p>26\/08 &#8211; Sub Comisar\u00eda Alicia &#8211; 00:55 HORAS<\/p>\n\n\n\n<p>Siendo la hora indicada, personal policial recibe llamado de emergencia donde un masculino, propietario de un lavadero, cito en calle Roque S\u00e1enz Pe\u00f1a al 400, quien manifiesta que por las c\u00e1maras de seguridad que tiene en dicho lugar estar\u00eda observando un masculino dentro. <\/p>\n\n\n\n<p>Se hace presente de forma inmediata personal policial, logrando la aprehensi\u00f3n dentro de la propiedad de un masculino mayor de edad oriundo de esta localidad. Ante dicha situaci\u00f3n se le dio participaci\u00f3n a la Fiscal\u00eda de la ciudad de Las Varillas, quien dispuso como directiva la <strong>detenci\u00f3n del masculino por supuesto autor del delito de Violaci\u00f3n de Domicilio<\/strong>, quedando alojado en Comisar\u00eda Distrito Las Varillas.<\/p>\n\n\n\n<p class=\"has-small-font-size\"><em>Fuente: Comisar\u00eda Las Varillas<\/em><\/p>\n","protected":false},"excerpt":{"rendered":"<p>26\/08 &#8211; Sub Comisar\u00eda Alicia &#8211; 00:55 HORAS Siendo la hora indicada, personal policial recibe llamado de emergencia donde un masculino, propietario de un lavadero, cito en calle Roque S\u00e1enz&hellip; <\/p>\n","protected":false},"author":3,"featured_media":3614,"comment_status":"open","ping_status":"open","sticky":false,"template":"","format":"standard","meta":{"footnotes":""},"categories":[4,3],"tags":[],"class_list":["post-3611","post","type-post","status-publish","format-standard","has-post-thumbnail","hentry","category-locales","category-policiales"],"views":795,"_links":{"self":[{"href":"https:\/\/fmalicia.com.ar\/index.php?rest_route=\/wp\/v2\/posts\/3611","targetHints":{"allow":["GET"]}}],"collection":[{"href":"https:\/\/fmalicia.com.ar\/index.php?rest_route=\/wp\/v2\/posts"}],"about":[{"href":"https:\/\/fmalicia.com.ar\/index.php?rest_route=\/wp\/v2\/types\/post"}],"author":[{"embeddable":true,"href":"https:\/\/fmalicia.com.ar\/index.php?rest_route=\/wp\/v2\/users\/3"}],"replies":[{"embeddable":true,"href":"https:\/\/fmalicia.com.ar\/index.php?rest_route=%2Fwp%2Fv2%2Fcomments&post=3611"}],"version-history":[{"count":2,"href":"https:\/\/fmalicia.com.ar\/index.php?rest_route=\/wp\/v2\/posts\/3611\/revisions"}],"predecessor-version":[{"id":3616,"href":"https:\/\/fmalicia.com.ar\/index.php?rest_route=\/wp\/v2\/posts\/3611\/revisions\/3616"}],"wp:featuredmedia":[{"embeddable":true,"href":"https:\/\/fmalicia.com.ar\/index.php?rest_route=\/wp\/v2\/media\/3614"}],"wp:attachment":[{"href":"https:\/\/fmalicia.com.ar\/index.php?rest_route=%2Fwp%2Fv2%2Fmedia&parent=3611"}],"wp:term":[{"taxonomy":"category","embeddable":true,"href":"https:\/\/fmalicia.com.ar\/index.php?rest_route=%2Fwp%2Fv2%2Fcategories&post=3611"},{"taxonomy":"post_tag","embeddable":true,"href":"https:\/\/fmalicia.com.ar\/index.php?rest_route=%2Fwp%2Fv2%2Ftags&post=3611"}],"curies":[{"name":"wp","href":"https:\/\/api.w.org\/{rel}","templated":true}]}}