{"id":35496,"date":"2026-03-12T10:52:51","date_gmt":"2026-03-12T13:52:51","guid":{"rendered":"https:\/\/fmalicia.com.ar\/?p=35496"},"modified":"2026-03-12T10:53:19","modified_gmt":"2026-03-12T13:53:19","slug":"quebracho-herrado-despiste-de-camion-cargado-con-maiz","status":"publish","type":"post","link":"https:\/\/fmalicia.com.ar\/?p=35496","title":{"rendered":"QUEBRACHO HERRADO: DESPISTE DE CAMI\u00d3N CARGADO CON MA\u00cdZ."},"content":{"rendered":"\n<p>Ruta Nacional 158 Km 23<\/p>\n\n\n\n<p>En horas de la tarde, Personal de Polic\u00eda Caminera observa en la banquina oeste un cami\u00f3n marca Scania con acoplado, volcado y cargado con ma\u00edz.<\/p>\n\n\n\n<p>En el lugar no se encuentra ninguna persona para entrevistar, por lo que se establece comunicaci\u00f3n telef\u00f3nica con la compa\u00f1\u00eda de seguros que figura en el acoplado, desde donde aportan datos de que el propietario ser\u00eda un masculino, y que habr\u00eda sido trasladado al Hospital J. B. Iturraspe.<\/p>\n\n\n\n<p>Constituidos en el nosocomio, se entrevista al recepcionista quien informa que el conductor del cami\u00f3n se present\u00f3 por sus propios medios a las 14:30 hs para ser asistido, pero que al momento de ser llamado para ingresar a la guardia se habr\u00eda retirado del lugar sin aportar m\u00e1s datos.<\/p>\n\n\n\n<figure class=\"wp-block-image size-large\"><img loading=\"lazy\" decoding=\"async\" width=\"1024\" height=\"450\" src=\"https:\/\/fmalicia.com.ar\/wp-content\/uploads\/2026\/03\/649482314_1547145434082387_3146099756922179996_n-1024x450.jpg\" alt=\"\" class=\"wp-image-35497\" srcset=\"https:\/\/fmalicia.com.ar\/wp-content\/uploads\/2026\/03\/649482314_1547145434082387_3146099756922179996_n-1024x450.jpg 1024w, https:\/\/fmalicia.com.ar\/wp-content\/uploads\/2026\/03\/649482314_1547145434082387_3146099756922179996_n-300x132.jpg 300w, https:\/\/fmalicia.com.ar\/wp-content\/uploads\/2026\/03\/649482314_1547145434082387_3146099756922179996_n-768x337.jpg 768w, https:\/\/fmalicia.com.ar\/wp-content\/uploads\/2026\/03\/649482314_1547145434082387_3146099756922179996_n.jpg 1156w\" sizes=\"auto, (max-width: 1024px) 100vw, 1024px\" \/><\/figure>\n","protected":false},"excerpt":{"rendered":"<p>Ruta Nacional 158 Km 23 En horas de la tarde, Personal de Polic\u00eda Caminera observa en la banquina oeste un cami\u00f3n marca Scania con acoplado, volcado y cargado con ma\u00edz.&hellip; <\/p>\n","protected":false},"author":2,"featured_media":35497,"comment_status":"closed","ping_status":"closed","sticky":false,"template":"","format":"standard","meta":{"footnotes":""},"categories":[17,3,5],"tags":[],"class_list":["post-35496","post","type-post","status-publish","format-standard","has-post-thumbnail","hentry","category-destacadas","category-policiales","category-regionales"],"views":35,"_links":{"self":[{"href":"https:\/\/fmalicia.com.ar\/index.php?rest_route=\/wp\/v2\/posts\/35496","targetHints":{"allow":["GET"]}}],"collection":[{"href":"https:\/\/fmalicia.com.ar\/index.php?rest_route=\/wp\/v2\/posts"}],"about":[{"href":"https:\/\/fmalicia.com.ar\/index.php?rest_route=\/wp\/v2\/types\/post"}],"author":[{"embeddable":true,"href":"https:\/\/fmalicia.com.ar\/index.php?rest_route=\/wp\/v2\/users\/2"}],"replies":[{"embeddable":true,"href":"https:\/\/fmalicia.com.ar\/index.php?rest_route=%2Fwp%2Fv2%2Fcomments&post=35496"}],"version-history":[{"count":1,"href":"https:\/\/fmalicia.com.ar\/index.php?rest_route=\/wp\/v2\/posts\/35496\/revisions"}],"predecessor-version":[{"id":35498,"href":"https:\/\/fmalicia.com.ar\/index.php?rest_route=\/wp\/v2\/posts\/35496\/revisions\/35498"}],"wp:featuredmedia":[{"embeddable":true,"href":"https:\/\/fmalicia.com.ar\/index.php?rest_route=\/wp\/v2\/media\/35497"}],"wp:attachment":[{"href":"https:\/\/fmalicia.com.ar\/index.php?rest_route=%2Fwp%2Fv2%2Fmedia&parent=35496"}],"wp:term":[{"taxonomy":"category","embeddable":true,"href":"https:\/\/fmalicia.com.ar\/index.php?rest_route=%2Fwp%2Fv2%2Fcategories&post=35496"},{"taxonomy":"post_tag","embeddable":true,"href":"https:\/\/fmalicia.com.ar\/index.php?rest_route=%2Fwp%2Fv2%2Ftags&post=35496"}],"curies":[{"name":"wp","href":"https:\/\/api.w.org\/{rel}","templated":true}]}}