{"id":35476,"date":"2026-03-11T10:33:30","date_gmt":"2026-03-11T13:33:30","guid":{"rendered":"https:\/\/fmalicia.com.ar\/?p=35476"},"modified":"2026-03-11T10:33:49","modified_gmt":"2026-03-11T13:33:49","slug":"comenzo-expo-agro","status":"publish","type":"post","link":"https:\/\/fmalicia.com.ar\/?p=35476","title":{"rendered":"COMENZ\u00d3 EXPO AGRO"},"content":{"rendered":"\n<p>Comenz\u00f3 hoy la edici\u00f3n n\u00famero 20 de Expo Agro en San Nicol\u00e1s, donde varias empresas de Las Varillas est\u00e1n presentes.<\/p>\n\n\n\n<p>Entre ellas, reviste especial atenci\u00f3n la presencia de Pauny, porque apuesta a esta muestra para presentar nuevos modelos y relanzar las ventas.<\/p>\n\n\n\n<p>Adem\u00e1s de la fabricante de tractores, tienen sus stands otras empresas de la ciudad como TBeH y Vialcam.<\/p>\n\n\n\n<p>La muestra se desarrollar\u00e1 hasta el 13 de marzo en el Predio Ferial de San Nicol\u00e1s, provincia de Buenos Aires.<\/p>\n\n\n\n<p>FUENTE: FM IDENTIDAD<\/p>\n\n\n\n<figure class=\"wp-block-image size-full is-resized\"><img loading=\"lazy\" decoding=\"async\" width=\"750\" height=\"375\" src=\"https:\/\/fmalicia.com.ar\/wp-content\/uploads\/2026\/03\/WhatsApp-Image-2026-03-10-at-19.05.14-750x375-2.jpeg\" alt=\"\" class=\"wp-image-35478\" style=\"width:840px;height:auto\" srcset=\"https:\/\/fmalicia.com.ar\/wp-content\/uploads\/2026\/03\/WhatsApp-Image-2026-03-10-at-19.05.14-750x375-2.jpeg 750w, https:\/\/fmalicia.com.ar\/wp-content\/uploads\/2026\/03\/WhatsApp-Image-2026-03-10-at-19.05.14-750x375-2-300x150.jpeg 300w\" sizes=\"auto, (max-width: 750px) 100vw, 750px\" \/><\/figure>\n","protected":false},"excerpt":{"rendered":"<p>Comenz\u00f3 hoy la edici\u00f3n n\u00famero 20 de Expo Agro en San Nicol\u00e1s, donde varias empresas de Las Varillas est\u00e1n presentes. Entre ellas, reviste especial atenci\u00f3n la presencia de Pauny, porque&hellip; <\/p>\n","protected":false},"author":2,"featured_media":35477,"comment_status":"closed","ping_status":"closed","sticky":false,"template":"","format":"standard","meta":{"footnotes":""},"categories":[17,2],"tags":[],"class_list":["post-35476","post","type-post","status-publish","format-standard","has-post-thumbnail","hentry","category-destacadas","category-sociedad"],"views":19,"_links":{"self":[{"href":"https:\/\/fmalicia.com.ar\/index.php?rest_route=\/wp\/v2\/posts\/35476","targetHints":{"allow":["GET"]}}],"collection":[{"href":"https:\/\/fmalicia.com.ar\/index.php?rest_route=\/wp\/v2\/posts"}],"about":[{"href":"https:\/\/fmalicia.com.ar\/index.php?rest_route=\/wp\/v2\/types\/post"}],"author":[{"embeddable":true,"href":"https:\/\/fmalicia.com.ar\/index.php?rest_route=\/wp\/v2\/users\/2"}],"replies":[{"embeddable":true,"href":"https:\/\/fmalicia.com.ar\/index.php?rest_route=%2Fwp%2Fv2%2Fcomments&post=35476"}],"version-history":[{"count":2,"href":"https:\/\/fmalicia.com.ar\/index.php?rest_route=\/wp\/v2\/posts\/35476\/revisions"}],"predecessor-version":[{"id":35480,"href":"https:\/\/fmalicia.com.ar\/index.php?rest_route=\/wp\/v2\/posts\/35476\/revisions\/35480"}],"wp:featuredmedia":[{"embeddable":true,"href":"https:\/\/fmalicia.com.ar\/index.php?rest_route=\/wp\/v2\/media\/35477"}],"wp:attachment":[{"href":"https:\/\/fmalicia.com.ar\/index.php?rest_route=%2Fwp%2Fv2%2Fmedia&parent=35476"}],"wp:term":[{"taxonomy":"category","embeddable":true,"href":"https:\/\/fmalicia.com.ar\/index.php?rest_route=%2Fwp%2Fv2%2Fcategories&post=35476"},{"taxonomy":"post_tag","embeddable":true,"href":"https:\/\/fmalicia.com.ar\/index.php?rest_route=%2Fwp%2Fv2%2Ftags&post=35476"}],"curies":[{"name":"wp","href":"https:\/\/api.w.org\/{rel}","templated":true}]}}