{"id":35470,"date":"2026-03-11T10:28:11","date_gmt":"2026-03-11T13:28:11","guid":{"rendered":"https:\/\/fmalicia.com.ar\/?p=35470"},"modified":"2026-03-11T10:29:05","modified_gmt":"2026-03-11T13:29:05","slug":"la-empresa-iff-health-biosciences-invirtio-8-millones-de-dolares-en-la-ampliacion-de-su-planta-en-arroyito","status":"publish","type":"post","link":"https:\/\/fmalicia.com.ar\/?p=35470","title":{"rendered":"LA EMPRESA IFF HEALTH &amp; BIOSCIENCES INVIRTI\u00d3 8 MILLONES DE D\u00d3LARES EN LA AMPLIACI\u00d3N DE SU PLANTA EN ARROYITO"},"content":{"rendered":"\n<p>ARROYITO: La viceintendenta de Arroyito, Mar\u00eda Jos\u00e9 Esp\u00f3sito, junto a miembros del Departamento Ejecutivo y concejales, particip\u00f3 de la inauguraci\u00f3n de la Planta de Producci\u00f3n de Enzimas de la empresa IFF Health &amp; Biosciences (International Flavors &amp; Fragrances).<\/p>\n\n\n\n<p>Deia Vilela, vicepresidenta para Am\u00e9rica Latina de IFF Health &amp; Biosciences, explic\u00f3 que la empresa realiz\u00f3 una inversi\u00f3n de USD 8 millones en la planta de Arroyito, C\u00f3rdoba con el objetivo de completar all\u00ed todo el proceso productivo y transformarla en una plataforma estrat\u00e9gica para abastecer al Mercosur y a otros mercados de la regi\u00f3n.<\/p>\n\n\n\n<p>Seg\u00fan lo explic\u00f3 el Plant Manager en Arroyito para IFF y Country Manager Argentina, Harol Segado (video), esta expansi\u00f3n permite a IFF abastecer con mayor eficiencia a sectores como nutrici\u00f3n animal, cervecer\u00eda, bioetanol y cuidado personal y logra, adem\u00e1s, la sustituci\u00f3n de importaciones con mayor agilidad para los clientes regionales.<\/p>\n\n\n\n<p>DATOS IMPORTANTES:<\/p>\n\n\n\n<p>8 millones de d\u00f3lares destinados a tecnolog\u00eda de punta.<\/p>\n\n\n\n<p>90 m\u00b3 adicionales de capacidad de fermentaci\u00f3n para la producci\u00f3n de enzimas.<\/p>\n\n\n\n<p>80% de la producci\u00f3n local se exporta a mercados internacionales.<\/p>\n\n\n\n<p>20 nuevos puestos de trabajo, lo que duplic\u00f3 el staff original de la planta.<\/p>\n\n\n\n<figure class=\"wp-block-image size-full is-resized\"><img loading=\"lazy\" decoding=\"async\" width=\"500\" height=\"375\" src=\"https:\/\/fmalicia.com.ar\/wp-content\/uploads\/2026\/03\/321a3f256dbc7ac63e227fd0b0d3d4dc.jpg\" alt=\"\" class=\"wp-image-35471\" style=\"width:717px;height:auto\" srcset=\"https:\/\/fmalicia.com.ar\/wp-content\/uploads\/2026\/03\/321a3f256dbc7ac63e227fd0b0d3d4dc.jpg 500w, https:\/\/fmalicia.com.ar\/wp-content\/uploads\/2026\/03\/321a3f256dbc7ac63e227fd0b0d3d4dc-300x225.jpg 300w\" sizes=\"auto, (max-width: 500px) 100vw, 500px\" \/><\/figure>\n","protected":false},"excerpt":{"rendered":"<p>ARROYITO: La viceintendenta de Arroyito, Mar\u00eda Jos\u00e9 Esp\u00f3sito, junto a miembros del Departamento Ejecutivo y concejales, particip\u00f3 de la inauguraci\u00f3n de la Planta de Producci\u00f3n de Enzimas de la empresa&hellip; <\/p>\n","protected":false},"author":2,"featured_media":35471,"comment_status":"closed","ping_status":"closed","sticky":false,"template":"","format":"standard","meta":{"footnotes":""},"categories":[17,5],"tags":[],"class_list":["post-35470","post","type-post","status-publish","format-standard","has-post-thumbnail","hentry","category-destacadas","category-regionales"],"views":59,"_links":{"self":[{"href":"https:\/\/fmalicia.com.ar\/index.php?rest_route=\/wp\/v2\/posts\/35470","targetHints":{"allow":["GET"]}}],"collection":[{"href":"https:\/\/fmalicia.com.ar\/index.php?rest_route=\/wp\/v2\/posts"}],"about":[{"href":"https:\/\/fmalicia.com.ar\/index.php?rest_route=\/wp\/v2\/types\/post"}],"author":[{"embeddable":true,"href":"https:\/\/fmalicia.com.ar\/index.php?rest_route=\/wp\/v2\/users\/2"}],"replies":[{"embeddable":true,"href":"https:\/\/fmalicia.com.ar\/index.php?rest_route=%2Fwp%2Fv2%2Fcomments&post=35470"}],"version-history":[{"count":1,"href":"https:\/\/fmalicia.com.ar\/index.php?rest_route=\/wp\/v2\/posts\/35470\/revisions"}],"predecessor-version":[{"id":35472,"href":"https:\/\/fmalicia.com.ar\/index.php?rest_route=\/wp\/v2\/posts\/35470\/revisions\/35472"}],"wp:featuredmedia":[{"embeddable":true,"href":"https:\/\/fmalicia.com.ar\/index.php?rest_route=\/wp\/v2\/media\/35471"}],"wp:attachment":[{"href":"https:\/\/fmalicia.com.ar\/index.php?rest_route=%2Fwp%2Fv2%2Fmedia&parent=35470"}],"wp:term":[{"taxonomy":"category","embeddable":true,"href":"https:\/\/fmalicia.com.ar\/index.php?rest_route=%2Fwp%2Fv2%2Fcategories&post=35470"},{"taxonomy":"post_tag","embeddable":true,"href":"https:\/\/fmalicia.com.ar\/index.php?rest_route=%2Fwp%2Fv2%2Ftags&post=35470"}],"curies":[{"name":"wp","href":"https:\/\/api.w.org\/{rel}","templated":true}]}}