{"id":35462,"date":"2026-03-11T10:11:45","date_gmt":"2026-03-11T13:11:45","guid":{"rendered":"https:\/\/fmalicia.com.ar\/?p=35462"},"modified":"2026-03-11T10:19:48","modified_gmt":"2026-03-11T13:19:48","slug":"las-varillas-accidente-de-transito-con-lesiones-graves-en-la-esquina-de-sarmeinto-y-san-lorenzo","status":"publish","type":"post","link":"https:\/\/fmalicia.com.ar\/?p=35462","title":{"rendered":"LAS VARILLAS: ACCIDENTE DE TR\u00c1NSITO CON LESIONES GRAVES EN LA ESQUINA DE SARMIENTO Y SAN LORENZO."},"content":{"rendered":"\n<p>En horas de la tarde, Personal de guardia entrevista a un masculino (48), quien manifiesta que conduc\u00eda su veh\u00edculo Ford Ka y al llegar a la intersecci\u00f3n mencionada colisiona con una motocicleta Garelli 50 cc, conducida por un masculino (45).<\/p>\n\n\n\n<p>Se hace presente servicio de emergencias, que asiste y traslada al conductor del rodado menor al nosocomio local, donde facultativos diagnostican fractura de tibia en pierna derecha, siendo lesiones de car\u00e1cter grave.<\/p>\n\n\n\n<figure class=\"wp-block-image size-full\"><img loading=\"lazy\" decoding=\"async\" width=\"720\" height=\"540\" src=\"https:\/\/fmalicia.com.ar\/wp-content\/uploads\/2026\/03\/648043187_1543562894440641_7769824130104534062_n.jpg\" alt=\"\" class=\"wp-image-35431\" srcset=\"https:\/\/fmalicia.com.ar\/wp-content\/uploads\/2026\/03\/648043187_1543562894440641_7769824130104534062_n.jpg 720w, https:\/\/fmalicia.com.ar\/wp-content\/uploads\/2026\/03\/648043187_1543562894440641_7769824130104534062_n-300x225.jpg 300w\" sizes=\"auto, (max-width: 720px) 100vw, 720px\" \/><\/figure>\n","protected":false},"excerpt":{"rendered":"<p>En horas de la tarde, Personal de guardia entrevista a un masculino (48), quien manifiesta que conduc\u00eda su veh\u00edculo Ford Ka y al llegar a la intersecci\u00f3n mencionada colisiona con&hellip; <\/p>\n","protected":false},"author":2,"featured_media":35431,"comment_status":"closed","ping_status":"closed","sticky":false,"template":"","format":"standard","meta":{"footnotes":""},"categories":[17,3,5],"tags":[],"class_list":["post-35462","post","type-post","status-publish","format-standard","has-post-thumbnail","hentry","category-destacadas","category-policiales","category-regionales"],"views":23,"_links":{"self":[{"href":"https:\/\/fmalicia.com.ar\/index.php?rest_route=\/wp\/v2\/posts\/35462","targetHints":{"allow":["GET"]}}],"collection":[{"href":"https:\/\/fmalicia.com.ar\/index.php?rest_route=\/wp\/v2\/posts"}],"about":[{"href":"https:\/\/fmalicia.com.ar\/index.php?rest_route=\/wp\/v2\/types\/post"}],"author":[{"embeddable":true,"href":"https:\/\/fmalicia.com.ar\/index.php?rest_route=\/wp\/v2\/users\/2"}],"replies":[{"embeddable":true,"href":"https:\/\/fmalicia.com.ar\/index.php?rest_route=%2Fwp%2Fv2%2Fcomments&post=35462"}],"version-history":[{"count":2,"href":"https:\/\/fmalicia.com.ar\/index.php?rest_route=\/wp\/v2\/posts\/35462\/revisions"}],"predecessor-version":[{"id":35467,"href":"https:\/\/fmalicia.com.ar\/index.php?rest_route=\/wp\/v2\/posts\/35462\/revisions\/35467"}],"wp:featuredmedia":[{"embeddable":true,"href":"https:\/\/fmalicia.com.ar\/index.php?rest_route=\/wp\/v2\/media\/35431"}],"wp:attachment":[{"href":"https:\/\/fmalicia.com.ar\/index.php?rest_route=%2Fwp%2Fv2%2Fmedia&parent=35462"}],"wp:term":[{"taxonomy":"category","embeddable":true,"href":"https:\/\/fmalicia.com.ar\/index.php?rest_route=%2Fwp%2Fv2%2Fcategories&post=35462"},{"taxonomy":"post_tag","embeddable":true,"href":"https:\/\/fmalicia.com.ar\/index.php?rest_route=%2Fwp%2Fv2%2Ftags&post=35462"}],"curies":[{"name":"wp","href":"https:\/\/api.w.org\/{rel}","templated":true}]}}