{"id":35357,"date":"2026-03-05T09:00:55","date_gmt":"2026-03-05T12:00:55","guid":{"rendered":"https:\/\/fmalicia.com.ar\/?p=35357"},"modified":"2026-03-05T09:50:32","modified_gmt":"2026-03-05T12:50:32","slug":"actualizacion-en-el-calendario-nacional-de-vacunacion","status":"publish","type":"post","link":"https:\/\/fmalicia.com.ar\/?p=35357","title":{"rendered":"Actualizaci\u00f3n en el Calendario Nacional de Vacunaci\u00f3n"},"content":{"rendered":"\n<p>El Ministerio de Salud informa modificaciones en la aplicaci\u00f3n de la vacuna SRP (Sarampi\u00f3n, Rub\u00e9ola y Paperas).<\/p>\n\n\n\n<p>Tengan presente la informaci\u00f3n detallada en la placa y recuerden:<\/p>\n\n\n\n<p> Las vacunas del calendario son gratuitas y obligatorias.<\/p>\n\n\n\n<p>Ante dudas, consult\u00e1 con tu m\u00e9dico de confianza o en tu centro de salud m\u00e1s cercano.<\/p>\n\n\n\n<figure class=\"wp-block-image size-large is-resized\"><img loading=\"lazy\" decoding=\"async\" width=\"576\" height=\"1024\" src=\"https:\/\/fmalicia.com.ar\/wp-content\/uploads\/2026\/03\/8c8d8712-7150-4477-930b-dced5d9240a1-1-576x1024.jpg\" alt=\"\" class=\"wp-image-35358\" style=\"width:840px;height:auto\" srcset=\"https:\/\/fmalicia.com.ar\/wp-content\/uploads\/2026\/03\/8c8d8712-7150-4477-930b-dced5d9240a1-1-576x1024.jpg 576w, https:\/\/fmalicia.com.ar\/wp-content\/uploads\/2026\/03\/8c8d8712-7150-4477-930b-dced5d9240a1-1-169x300.jpg 169w, https:\/\/fmalicia.com.ar\/wp-content\/uploads\/2026\/03\/8c8d8712-7150-4477-930b-dced5d9240a1-1-768x1365.jpg 768w, https:\/\/fmalicia.com.ar\/wp-content\/uploads\/2026\/03\/8c8d8712-7150-4477-930b-dced5d9240a1-1-864x1536.jpg 864w, https:\/\/fmalicia.com.ar\/wp-content\/uploads\/2026\/03\/8c8d8712-7150-4477-930b-dced5d9240a1-1.jpg 900w\" sizes=\"auto, (max-width: 576px) 100vw, 576px\" \/><\/figure>\n","protected":false},"excerpt":{"rendered":"<p>El Ministerio de Salud informa modificaciones en la aplicaci\u00f3n de la vacuna SRP (Sarampi\u00f3n, Rub\u00e9ola y Paperas). Tengan presente la informaci\u00f3n detallada en la placa y recuerden: Las vacunas del&hellip; <\/p>\n","protected":false},"author":2,"featured_media":35358,"comment_status":"closed","ping_status":"closed","sticky":false,"template":"","format":"standard","meta":{"footnotes":""},"categories":[17,4,53,2],"tags":[],"class_list":["post-35357","post","type-post","status-publish","format-standard","has-post-thumbnail","hentry","category-destacadas","category-locales","category-salud","category-sociedad"],"views":25,"_links":{"self":[{"href":"https:\/\/fmalicia.com.ar\/index.php?rest_route=\/wp\/v2\/posts\/35357","targetHints":{"allow":["GET"]}}],"collection":[{"href":"https:\/\/fmalicia.com.ar\/index.php?rest_route=\/wp\/v2\/posts"}],"about":[{"href":"https:\/\/fmalicia.com.ar\/index.php?rest_route=\/wp\/v2\/types\/post"}],"author":[{"embeddable":true,"href":"https:\/\/fmalicia.com.ar\/index.php?rest_route=\/wp\/v2\/users\/2"}],"replies":[{"embeddable":true,"href":"https:\/\/fmalicia.com.ar\/index.php?rest_route=%2Fwp%2Fv2%2Fcomments&post=35357"}],"version-history":[{"count":1,"href":"https:\/\/fmalicia.com.ar\/index.php?rest_route=\/wp\/v2\/posts\/35357\/revisions"}],"predecessor-version":[{"id":35359,"href":"https:\/\/fmalicia.com.ar\/index.php?rest_route=\/wp\/v2\/posts\/35357\/revisions\/35359"}],"wp:featuredmedia":[{"embeddable":true,"href":"https:\/\/fmalicia.com.ar\/index.php?rest_route=\/wp\/v2\/media\/35358"}],"wp:attachment":[{"href":"https:\/\/fmalicia.com.ar\/index.php?rest_route=%2Fwp%2Fv2%2Fmedia&parent=35357"}],"wp:term":[{"taxonomy":"category","embeddable":true,"href":"https:\/\/fmalicia.com.ar\/index.php?rest_route=%2Fwp%2Fv2%2Fcategories&post=35357"},{"taxonomy":"post_tag","embeddable":true,"href":"https:\/\/fmalicia.com.ar\/index.php?rest_route=%2Fwp%2Fv2%2Ftags&post=35357"}],"curies":[{"name":"wp","href":"https:\/\/api.w.org\/{rel}","templated":true}]}}