{"id":34888,"date":"2026-02-04T10:31:07","date_gmt":"2026-02-04T13:31:07","guid":{"rendered":"https:\/\/fmalicia.com.ar\/?p=34888"},"modified":"2026-02-04T10:34:48","modified_gmt":"2026-02-04T13:34:48","slug":"compromiso-ambiental-el-subsecretario-de-biodiversidad-provincial-visito-s-m-laspiur","status":"publish","type":"post","link":"https:\/\/fmalicia.com.ar\/?p=34888","title":{"rendered":"COMPROMISO AMBIENTAL: EL SUBSECRETARIO DE BIODIVERSIDAD PROVINCIAL VISIT\u00d3 S.M.LASPIUR."},"content":{"rendered":"\n<p>En el marco de una recorrida que realiz\u00f3  por diferentes localidades del Departamento San Justo, estuvo presente  en Laspiur el Subsecretario de Biodiversidad de la Secretar\u00eda General de Ambiente, Econom\u00eda Circular y Bio-ciudadan\u00eda de la Provincia de C\u00f3rdoba, Miguel Magnasco, con el objetivo de proyectar acciones conjuntas para el a\u00f1o 2026.<\/p>\n\n\n\n<p>Durante la jornada, se realiz\u00f3 una visita al Centro Ambiental Laspiur y a la Huerta Municipal, donde participaron integrantes del equipo Ra\u00edces Inclusivas para compartir sus experiencias. Adem\u00e1s, se visit\u00f3 el predio de la Lagunita, con el fin de adherirse al programa Pulmones Verdes para su conservaci\u00f3n.<\/p>\n\n\n\n<p>En esta visita, se recibi\u00f3 un aporte de 200 \u00e1rboles que ser\u00e1n destinados a la reforestaci\u00f3n urbana de la localidad.<\/p>\n\n\n\n<figure class=\"wp-block-image size-full\"><img loading=\"lazy\" decoding=\"async\" width=\"590\" height=\"332\" src=\"https:\/\/fmalicia.com.ar\/wp-content\/uploads\/2026\/02\/625972011_1531787218603393_4114078343516633119_n.jpg\" alt=\"\" class=\"wp-image-34889\" srcset=\"https:\/\/fmalicia.com.ar\/wp-content\/uploads\/2026\/02\/625972011_1531787218603393_4114078343516633119_n.jpg 590w, https:\/\/fmalicia.com.ar\/wp-content\/uploads\/2026\/02\/625972011_1531787218603393_4114078343516633119_n-300x169.jpg 300w\" sizes=\"auto, (max-width: 590px) 100vw, 590px\" \/><\/figure>\n","protected":false},"excerpt":{"rendered":"<p>En el marco de una recorrida que realiz\u00f3 por diferentes localidades del Departamento San Justo, estuvo presente en Laspiur el Subsecretario de Biodiversidad de la Secretar\u00eda General de Ambiente, Econom\u00eda&hellip; <\/p>\n","protected":false},"author":2,"featured_media":34889,"comment_status":"closed","ping_status":"closed","sticky":false,"template":"","format":"standard","meta":{"footnotes":""},"categories":[17,5,2],"tags":[],"class_list":["post-34888","post","type-post","status-publish","format-standard","has-post-thumbnail","hentry","category-destacadas","category-regionales","category-sociedad"],"views":24,"_links":{"self":[{"href":"https:\/\/fmalicia.com.ar\/index.php?rest_route=\/wp\/v2\/posts\/34888","targetHints":{"allow":["GET"]}}],"collection":[{"href":"https:\/\/fmalicia.com.ar\/index.php?rest_route=\/wp\/v2\/posts"}],"about":[{"href":"https:\/\/fmalicia.com.ar\/index.php?rest_route=\/wp\/v2\/types\/post"}],"author":[{"embeddable":true,"href":"https:\/\/fmalicia.com.ar\/index.php?rest_route=\/wp\/v2\/users\/2"}],"replies":[{"embeddable":true,"href":"https:\/\/fmalicia.com.ar\/index.php?rest_route=%2Fwp%2Fv2%2Fcomments&post=34888"}],"version-history":[{"count":2,"href":"https:\/\/fmalicia.com.ar\/index.php?rest_route=\/wp\/v2\/posts\/34888\/revisions"}],"predecessor-version":[{"id":34891,"href":"https:\/\/fmalicia.com.ar\/index.php?rest_route=\/wp\/v2\/posts\/34888\/revisions\/34891"}],"wp:featuredmedia":[{"embeddable":true,"href":"https:\/\/fmalicia.com.ar\/index.php?rest_route=\/wp\/v2\/media\/34889"}],"wp:attachment":[{"href":"https:\/\/fmalicia.com.ar\/index.php?rest_route=%2Fwp%2Fv2%2Fmedia&parent=34888"}],"wp:term":[{"taxonomy":"category","embeddable":true,"href":"https:\/\/fmalicia.com.ar\/index.php?rest_route=%2Fwp%2Fv2%2Fcategories&post=34888"},{"taxonomy":"post_tag","embeddable":true,"href":"https:\/\/fmalicia.com.ar\/index.php?rest_route=%2Fwp%2Fv2%2Ftags&post=34888"}],"curies":[{"name":"wp","href":"https:\/\/api.w.org\/{rel}","templated":true}]}}