{"id":25211,"date":"2024-06-21T18:52:51","date_gmt":"2024-06-21T21:52:51","guid":{"rendered":"https:\/\/fmalicia.com.ar\/?p=25211"},"modified":"2024-06-21T18:52:52","modified_gmt":"2024-06-21T21:52:52","slug":"choque-en-cadena-en-ruta-nac-158-cerca-de-arroyo-algodon","status":"publish","type":"post","link":"https:\/\/fmalicia.com.ar\/?p=25211","title":{"rendered":"Choque en cadena en Ruta Nac. 158 cerca de Arroyo Algod\u00f3n"},"content":{"rendered":"\n<p>Siendo aproximadamente las 10:30 horas de la fecha personal de la Comisar\u00eda Arroyo Algod\u00f3n se constituy\u00f3 en la Ruta 158 a la altura del Km 133 de esa ciudad donde hab\u00eda ocurrido un accidente vial en el que por causas a establecer colision\u00f3 un cami\u00f3n marca Fiat modelo cargo 1722 conducido por un hombre de 31 a\u00f1os, acompa\u00f1ado por otro hombre de 20 a\u00f1os de edad, un autom\u00f3vil Fiat Cronos conducido por un hombre de 42 a\u00f1os, un autom\u00f3vil Ford Ka conducido por un hombre de 46 a\u00f1os acompa\u00f1ados por su esposa, una mujer de 49 y sus hijas de 18 y 14 a\u00f1os de edad, y por \u00faltimo un cami\u00f3n marca Fiat modelo Cargo 1722 conducido por un hombre de 31 a\u00f1os de edad<\/p>\n\n\n\n<p>Como consecuencia del siniestro intervino personal m\u00e9dico y con ambulancia local proceden al traslado de los ocupantes de las persona que circulaban en veh\u00edculo Ford Ka hacia el Hospital Regional Pasteur, donde personal de turno diagnostic\u00f3 Lesiones Leves para el conductor y sus acompa\u00f1antes. Se hace menci\u00f3n que el resto de los involucrados resultaron sin lesiones<\/p>\n\n\n\n<p>Se labran actuaciones a disposici\u00f3n de la Fiscal\u00eda de Instrucci\u00f3n de Primer Turno a cargo de la Dra. Silvia Maldonado, Sec. Dra. Maria Eugenia Barra.<\/p>\n\n\n\n<figure class=\"wp-block-image size-full\"><img loading=\"lazy\" decoding=\"async\" width=\"338\" height=\"600\" src=\"https:\/\/fmalicia.com.ar\/wp-content\/uploads\/2024\/06\/acc-1.jpg\" alt=\"\" class=\"wp-image-25212\" srcset=\"https:\/\/fmalicia.com.ar\/wp-content\/uploads\/2024\/06\/acc-1.jpg 338w, https:\/\/fmalicia.com.ar\/wp-content\/uploads\/2024\/06\/acc-1-169x300.jpg 169w\" sizes=\"auto, (max-width: 338px) 100vw, 338px\" \/><\/figure>\n","protected":false},"excerpt":{"rendered":"<p>Siendo aproximadamente las 10:30 horas de la fecha personal de la Comisar\u00eda Arroyo Algod\u00f3n se constituy\u00f3 en la Ruta 158 a la altura del Km 133 de esa ciudad donde&hellip; <\/p>\n","protected":false},"author":2,"featured_media":25213,"comment_status":"closed","ping_status":"closed","sticky":false,"template":"","format":"standard","meta":{"footnotes":""},"categories":[17,3,5],"tags":[],"class_list":["post-25211","post","type-post","status-publish","format-standard","has-post-thumbnail","hentry","category-destacadas","category-policiales","category-regionales"],"views":649,"_links":{"self":[{"href":"https:\/\/fmalicia.com.ar\/index.php?rest_route=\/wp\/v2\/posts\/25211","targetHints":{"allow":["GET"]}}],"collection":[{"href":"https:\/\/fmalicia.com.ar\/index.php?rest_route=\/wp\/v2\/posts"}],"about":[{"href":"https:\/\/fmalicia.com.ar\/index.php?rest_route=\/wp\/v2\/types\/post"}],"author":[{"embeddable":true,"href":"https:\/\/fmalicia.com.ar\/index.php?rest_route=\/wp\/v2\/users\/2"}],"replies":[{"embeddable":true,"href":"https:\/\/fmalicia.com.ar\/index.php?rest_route=%2Fwp%2Fv2%2Fcomments&post=25211"}],"version-history":[{"count":1,"href":"https:\/\/fmalicia.com.ar\/index.php?rest_route=\/wp\/v2\/posts\/25211\/revisions"}],"predecessor-version":[{"id":25214,"href":"https:\/\/fmalicia.com.ar\/index.php?rest_route=\/wp\/v2\/posts\/25211\/revisions\/25214"}],"wp:featuredmedia":[{"embeddable":true,"href":"https:\/\/fmalicia.com.ar\/index.php?rest_route=\/wp\/v2\/media\/25213"}],"wp:attachment":[{"href":"https:\/\/fmalicia.com.ar\/index.php?rest_route=%2Fwp%2Fv2%2Fmedia&parent=25211"}],"wp:term":[{"taxonomy":"category","embeddable":true,"href":"https:\/\/fmalicia.com.ar\/index.php?rest_route=%2Fwp%2Fv2%2Fcategories&post=25211"},{"taxonomy":"post_tag","embeddable":true,"href":"https:\/\/fmalicia.com.ar\/index.php?rest_route=%2Fwp%2Fv2%2Ftags&post=25211"}],"curies":[{"name":"wp","href":"https:\/\/api.w.org\/{rel}","templated":true}]}}