{"id":25202,"date":"2024-06-21T01:33:55","date_gmt":"2024-06-21T04:33:55","guid":{"rendered":"https:\/\/fmalicia.com.ar\/?p=25202"},"modified":"2024-06-21T19:12:53","modified_gmt":"2024-06-21T22:12:53","slug":"conformacion-del-ente-promotor-parque-industrial","status":"publish","type":"post","link":"https:\/\/fmalicia.com.ar\/?p=25202","title":{"rendered":"Conformaci\u00f3n del Ente promotor Parque Industrial"},"content":{"rendered":"\n<p>La Comisi\u00f3n del Ente Promotor se conforma de la siguiente manera:<\/p>\n\n\n\n<ul class=\"wp-block-list\">\n<li>Presidente: Agust\u00edn W. Bianchini<\/li>\n\n\n\n<li>Vicepresidente: Guillermo M. Mina<\/li>\n\n\n\n<li>Secretario: Daniel D. Brasca<\/li>\n\n\n\n<li>Pro Secretario: Mauricio A. Linares<\/li>\n\n\n\n<li>Tesorero: David A. Del Agua<\/li>\n\n\n\n<li>Pro-Tesorero: Leandro R. Meyer<\/li>\n\n\n\n<li>Vocal 1: Nancy R. Spertino<\/li>\n\n\n\n<li>Vocal 2: Luis A. Filippi<\/li>\n\n\n\n<li>Vocal 3: Juli\u00e1n A. Martinez<\/li>\n\n\n\n<li>Vocal 4: E. Viviana Ramallo<\/li>\n\n\n\n<li>Vocal 5: Lisandro N. Barra<\/li>\n\n\n\n<li>Ademas se di\u00f3 informaci\u00f3n de las caracter\u00edsticas del Parque Servicios, lotes, disponibilidad y zonificaci\u00f3n y se dialog\u00f3 sobre futuros proyectos y programas a desarrollar<\/li>\n<\/ul>\n\n\n\n<figure class=\"wp-block-embed is-type-video is-provider-youtube wp-block-embed-youtube wp-embed-aspect-16-9 wp-has-aspect-ratio\"><div class=\"wp-block-embed__wrapper\">\n<iframe loading=\"lazy\" title=\"conformaci\u00f3n del ente promotor del parque Industrial Educativo y Tecnol\u00f3gico\" width=\"1110\" height=\"624\" src=\"https:\/\/www.youtube.com\/embed\/ra0QE_krZDM?feature=oembed\" frameborder=\"0\" allow=\"accelerometer; autoplay; clipboard-write; encrypted-media; gyroscope; picture-in-picture; web-share\" referrerpolicy=\"strict-origin-when-cross-origin\" allowfullscreen><\/iframe>\n<\/div><\/figure>\n","protected":false},"excerpt":{"rendered":"<p>La Comisi\u00f3n del Ente Promotor se conforma de la siguiente manera:<\/p>\n","protected":false},"author":2,"featured_media":25183,"comment_status":"closed","ping_status":"closed","sticky":false,"template":"","format":"standard","meta":{"footnotes":""},"categories":[17,4,2],"tags":[],"class_list":["post-25202","post","type-post","status-publish","format-standard","has-post-thumbnail","hentry","category-destacadas","category-locales","category-sociedad"],"views":578,"_links":{"self":[{"href":"https:\/\/fmalicia.com.ar\/index.php?rest_route=\/wp\/v2\/posts\/25202","targetHints":{"allow":["GET"]}}],"collection":[{"href":"https:\/\/fmalicia.com.ar\/index.php?rest_route=\/wp\/v2\/posts"}],"about":[{"href":"https:\/\/fmalicia.com.ar\/index.php?rest_route=\/wp\/v2\/types\/post"}],"author":[{"embeddable":true,"href":"https:\/\/fmalicia.com.ar\/index.php?rest_route=\/wp\/v2\/users\/2"}],"replies":[{"embeddable":true,"href":"https:\/\/fmalicia.com.ar\/index.php?rest_route=%2Fwp%2Fv2%2Fcomments&post=25202"}],"version-history":[{"count":1,"href":"https:\/\/fmalicia.com.ar\/index.php?rest_route=\/wp\/v2\/posts\/25202\/revisions"}],"predecessor-version":[{"id":25203,"href":"https:\/\/fmalicia.com.ar\/index.php?rest_route=\/wp\/v2\/posts\/25202\/revisions\/25203"}],"wp:featuredmedia":[{"embeddable":true,"href":"https:\/\/fmalicia.com.ar\/index.php?rest_route=\/wp\/v2\/media\/25183"}],"wp:attachment":[{"href":"https:\/\/fmalicia.com.ar\/index.php?rest_route=%2Fwp%2Fv2%2Fmedia&parent=25202"}],"wp:term":[{"taxonomy":"category","embeddable":true,"href":"https:\/\/fmalicia.com.ar\/index.php?rest_route=%2Fwp%2Fv2%2Fcategories&post=25202"},{"taxonomy":"post_tag","embeddable":true,"href":"https:\/\/fmalicia.com.ar\/index.php?rest_route=%2Fwp%2Fv2%2Ftags&post=25202"}],"curies":[{"name":"wp","href":"https:\/\/api.w.org\/{rel}","templated":true}]}}