{"id":25177,"date":"2024-06-21T01:13:48","date_gmt":"2024-06-21T04:13:48","guid":{"rendered":"https:\/\/fmalicia.com.ar\/?p=25177"},"modified":"2024-06-21T19:13:06","modified_gmt":"2024-06-21T22:13:06","slug":"20-de-junio-dia-de-la-banderagobierno-de-alicia","status":"publish","type":"post","link":"https:\/\/fmalicia.com.ar\/?p=25177","title":{"rendered":"20 de Junio: D\u00cdA DE LA BANDERA(Gobierno de Alicia)"},"content":{"rendered":"\n<p>&#x1f539;&#xfe0f;Elevamos al cielo nuestro m\u00e1ximo Emblema: la Bandera Nacional<\/p>\n\n\n\n<p>&#x1f539;&#xfe0f;Izarla, adem\u00e1s de ser un honor, es un acto simb\u00f3lico de nuestro Deber con la Patria y con el legado de amor por nuestro pa\u00eds que transmitimos a las futuras generaciones \u25cf<\/p>\n\n\n\n<p>&#x1f539;&#xfe0f;Cada #20dejunio los estudiantes le Prometen Lealtad, y es esta la oportunidad para renovar nuestro Compromiso con la Educaci\u00f3n\u2026aquella que transforma, aquella que es motor de desarrollo y la \u00fanica capaz de construir una sociedad justa e igualitaria \u25cf<\/p>\n\n\n\n<p>\u25cf Unidos, construiremos un mejor futuro para Todos \u25cf<\/p>\n\n\n\n<p>\u00a1Orgullosamente argentinos!<\/p>\n\n\n\n<p>&#x1f1e6;&#x1f1f7;\u00a1VIVA NUESTRA BANDERA!<\/p>\n\n\n\n<p>&#x1f539;&#xfe0f;Agradecemos a las Directoras y Responsables de los Centros Educativos de nuestra localidad que acompa\u00f1aron este Izamiento tan especial&#x1f539;&#xfe0f;<\/p>\n\n\n\n<figure class=\"wp-block-embed is-type-video is-provider-youtube wp-block-embed-youtube wp-embed-aspect-16-9 wp-has-aspect-ratio\"><div class=\"wp-block-embed__wrapper\">\n<iframe loading=\"lazy\" title=\"D\u00eda de la bandera. Gobierno de Alicia\" width=\"1110\" height=\"624\" src=\"https:\/\/www.youtube.com\/embed\/vgfqByq0Yw4?feature=oembed\" frameborder=\"0\" allow=\"accelerometer; autoplay; clipboard-write; encrypted-media; gyroscope; picture-in-picture; web-share\" referrerpolicy=\"strict-origin-when-cross-origin\" allowfullscreen><\/iframe>\n<\/div><\/figure>\n","protected":false},"excerpt":{"rendered":"<p>&#x1f539;&#xfe0f;Elevamos al cielo nuestro m\u00e1ximo Emblema: la Bandera Nacional &#x1f539;&#xfe0f;Izarla, adem\u00e1s de ser un honor, es un acto simb\u00f3lico de nuestro Deber con la Patria y con el legado de&hellip; <\/p>\n","protected":false},"author":2,"featured_media":25185,"comment_status":"closed","ping_status":"closed","sticky":false,"template":"","format":"standard","meta":{"footnotes":""},"categories":[17,4,7,2],"tags":[],"class_list":["post-25177","post","type-post","status-publish","format-standard","has-post-thumbnail","hentry","category-destacadas","category-locales","category-nacionales","category-sociedad"],"views":332,"_links":{"self":[{"href":"https:\/\/fmalicia.com.ar\/index.php?rest_route=\/wp\/v2\/posts\/25177","targetHints":{"allow":["GET"]}}],"collection":[{"href":"https:\/\/fmalicia.com.ar\/index.php?rest_route=\/wp\/v2\/posts"}],"about":[{"href":"https:\/\/fmalicia.com.ar\/index.php?rest_route=\/wp\/v2\/types\/post"}],"author":[{"embeddable":true,"href":"https:\/\/fmalicia.com.ar\/index.php?rest_route=\/wp\/v2\/users\/2"}],"replies":[{"embeddable":true,"href":"https:\/\/fmalicia.com.ar\/index.php?rest_route=%2Fwp%2Fv2%2Fcomments&post=25177"}],"version-history":[{"count":2,"href":"https:\/\/fmalicia.com.ar\/index.php?rest_route=\/wp\/v2\/posts\/25177\/revisions"}],"predecessor-version":[{"id":25179,"href":"https:\/\/fmalicia.com.ar\/index.php?rest_route=\/wp\/v2\/posts\/25177\/revisions\/25179"}],"wp:featuredmedia":[{"embeddable":true,"href":"https:\/\/fmalicia.com.ar\/index.php?rest_route=\/wp\/v2\/media\/25185"}],"wp:attachment":[{"href":"https:\/\/fmalicia.com.ar\/index.php?rest_route=%2Fwp%2Fv2%2Fmedia&parent=25177"}],"wp:term":[{"taxonomy":"category","embeddable":true,"href":"https:\/\/fmalicia.com.ar\/index.php?rest_route=%2Fwp%2Fv2%2Fcategories&post=25177"},{"taxonomy":"post_tag","embeddable":true,"href":"https:\/\/fmalicia.com.ar\/index.php?rest_route=%2Fwp%2Fv2%2Ftags&post=25177"}],"curies":[{"name":"wp","href":"https:\/\/api.w.org\/{rel}","templated":true}]}}